{"id":72510,"date":"2025-01-31T08:00:00","date_gmt":"2025-01-31T14:00:00","guid":{"rendered":"https:\/\/efficiencymb.ca\/?p=72510"},"modified":"2025-02-05T08:38:19","modified_gmt":"2025-02-05T14:38:19","slug":"projet-en-vedette-centre-professionnel-situe-au-412-rue-marion","status":"publish","type":"post","link":"https:\/\/efficiencymb.ca\/fr\/articles\/projet-en-vedette-centre-professionnel-situe-au-412-rue-marion\/","title":{"rendered":"PROJET EN VEDETTE\u00a0: CENTRE PROFESSIONNEL SITU\u00c9 AU 412, RUE MARION"},"content":{"rendered":"\n<h2 class=\"wp-block-heading has-text-align-center is-style-hero-heading\" id=\"how-we-re-supporting-new-energy-efficient-construction\">HELPING TENANTS SAVE ENERGY &amp; MONEY<\/h2>\n\n<div style=\"height:30px\" aria-hidden=\"true\" class=\"wp-block-spacer\"><\/div>\n\n<p>When Allen Schalla took over as property owner for 412 Marion Professional Centre \u2014 a commercial office space in St. Boniface \u2014 he realized the 12-year-old building was in serious need of lighting upgrades. Through our <a href=\"https:\/\/efficiencymb.ca\/business\/business-lighting\/\" target=\"_blank\" rel=\"noreferrer noopener\">Business Lighting Program<\/a>, he was able to upgrade the fixtures to energy-efficient alternatives and save money on his energy bills.\u00a0<\/p>\n\n<h3 class=\"wp-block-heading has-text-align-center\">THE PROJECT<\/h3>\n\n<div style=\"height:30px\" aria-hidden=\"true\" class=\"wp-block-spacer\"><\/div>\n\n<p>Allen\u2019s contactor, Gerry Murray from <a href=\"https:\/\/www.gkelectricinc.com\/\" target=\"_blank\" rel=\"noreferrer noopener\">G&amp;K Electric Inc.<\/a>, removed 30 CFL lamps from the building\u2019s stairwell, five 150W metal halide lamps from the building exterior, and 14 T8 fixtures from office spaces, replacing them with energy-efficient LEDs. The team at G&amp;K Electric Inc. also added occupancy sensors to the kitchenette, storage rooms, and electrical room.\u00a0\u00a0\u00a0<\/p>\n\n<p class=\"has-medium-font-size\"><em>\u00a0\u201cIt\u2019s a no-brainer when you have old-style lighting to upgrade to reduce long-term costs.\u201d<\/em><br\/>\u2014 Allen Schalla, Property Owner<\/p>\n\n<div class=\"wp-block-columns is-layout-flex wp-container-core-columns-is-layout-9d6595d7 wp-block-columns-is-layout-flex\">\n<div class=\"wp-block-column is-layout-flow wp-block-column-is-layout-flow\">\n<figure class=\"wp-block-image size-full\"><img loading=\"lazy\" decoding=\"async\" width=\"1250\" height=\"1250\" src=\"https:\/\/efficiencymb.ca\/wp-content\/uploads\/412-Marion-interior-lighting-photos-01-1.jpg\" alt=\"\" class=\"wp-image-72593\" style=\"object-fit:cover\" srcset=\"https:\/\/efficiencymb.ca\/wp-content\/uploads\/412-Marion-interior-lighting-photos-01-1.jpg 1250w, https:\/\/efficiencymb.ca\/wp-content\/uploads\/412-Marion-interior-lighting-photos-01-1-269x269.jpg 269w, https:\/\/efficiencymb.ca\/wp-content\/uploads\/412-Marion-interior-lighting-photos-01-1-1024x1024.jpg 1024w, https:\/\/efficiencymb.ca\/wp-content\/uploads\/412-Marion-interior-lighting-photos-01-1-768x768.jpg 768w\" sizes=\"auto, (max-width: 1250px) 100vw, 1250px\" \/><\/figure><\/div>\n\n\n\n<div class=\"wp-block-column is-layout-flow wp-block-column-is-layout-flow\">\n<figure class=\"wp-block-image size-large\"><img loading=\"lazy\" decoding=\"async\" width=\"1024\" height=\"1024\" src=\"https:\/\/efficiencymb.ca\/wp-content\/uploads\/412-Marion-interior-lighting-photos-02-1024x1024.jpg\" alt=\"\" class=\"wp-image-72595\" srcset=\"https:\/\/efficiencymb.ca\/wp-content\/uploads\/412-Marion-interior-lighting-photos-02-1024x1024.jpg 1024w, https:\/\/efficiencymb.ca\/wp-content\/uploads\/412-Marion-interior-lighting-photos-02-269x269.jpg 269w, https:\/\/efficiencymb.ca\/wp-content\/uploads\/412-Marion-interior-lighting-photos-02-768x768.jpg 768w, https:\/\/efficiencymb.ca\/wp-content\/uploads\/412-Marion-interior-lighting-photos-02.jpg 1250w\" sizes=\"auto, (max-width: 1024px) 100vw, 1024px\" \/><\/figure><\/div>\n<\/div>\n\n<h3 class=\"wp-block-heading has-text-align-center\">THE SAVINGS<\/h3>\n\n<div style=\"height:30px\" aria-hidden=\"true\" class=\"wp-block-spacer\"><\/div>\n\n<p>With these upgrades, the building is expected to save over 14,200 kWh (kilowatt-hours) of electricity each year, which translates to around $700 in savings annually on their energy bills! Plus, we provided them with an incentive of $1,900 for their upgrades, which includes our 25% customer bonus.\u00a0\u00a0<\/p>\n<div class=\"wp-block-image\">\n<figure class=\"aligncenter size-full is-resized\"><img loading=\"lazy\" decoding=\"async\" width=\"520\" height=\"451\" src=\"https:\/\/efficiencymb.ca\/wp-content\/uploads\/412-Marion-saving-statistics-EN-01.jpg\" alt=\"\" class=\"wp-image-72599\" style=\"width:400px\" srcset=\"https:\/\/efficiencymb.ca\/wp-content\/uploads\/412-Marion-saving-statistics-EN-01.jpg 520w, https:\/\/efficiencymb.ca\/wp-content\/uploads\/412-Marion-saving-statistics-EN-01-310x269.jpg 310w\" sizes=\"auto, (max-width: 520px) 100vw, 520px\" \/><\/figure><\/div>\n<div style=\"height:30px\" aria-hidden=\"true\" class=\"wp-block-spacer\"><\/div>\n\n<h3 class=\"wp-block-heading has-text-align-center\">THE PROCESS<\/h3>\n\n<div style=\"height:30px\" aria-hidden=\"true\" class=\"wp-block-spacer\"><\/div>\n\n<p>When Allen decided to start the process of upgrading the lighting in the building, he contacted Gerry who submitted the Efficiency Manitoba program application. Once approved, the G&amp;K Electric team installed the new lights, and we provided Allen with the incentive. Allen was happy with the upgrades and recommends the Business Lighting Program for its simplicity and the ability to help his tenants reduce their energy bills.\u00a0<\/p>\n\n<p>Do you want to save energy and money for your business? Applying for the program is easy \u2014 business owners can apply on their own or have contractors apply on their behalf through <a href=\"https:\/\/emsupplier.visiondsm.com\/sign-in\" target=\"_blank\" rel=\"noreferrer noopener\">myEM<\/a>, our online application system. We\u2019ll review your application to see if your business is eligible and provide a clear outline of your estimated incentive. That way, you can plan and review your budget before making any commitments to the project.\u00a0\u00a0<\/p>\n\n<h3 class=\"wp-block-heading has-text-align-center is-style-hero-heading-grey\">ARE YOU A BUSINESS OWNER?<\/h3>\n\n<div style=\"height:30px\" aria-hidden=\"true\" class=\"wp-block-spacer\"><\/div>\n\n<p>Business owners or contractors can apply for financial incentives through the Business Lighting Program. Check out our <a href=\"https:\/\/efficiencymb.ca\/wp-content\/uploads\/Business_Lighting_Program_guide_FNL.pdf\" target=\"_blank\" rel=\"noreferrer noopener\">program guide<\/a>\u202ffor more details on our incentive rates and eligibility requirements.\u00a0<\/p>\n<div class=\"theme-button wp-block-button aligncenter\">\r\n\t<a target=\"_blank\" class=\"wp-block-button__link has-background no-border-radius button cta button-large\" href=\"https:\/\/efficiencymb.ca\/fr\/business\/programme-d-eclairage-commercial\/\"><strong>LEARN MORE ABOUT OUR<\/strong><br>BUSINESS LIGHTING PROGRAM<\/a>\r\n<\/div>\n<h3 class=\"wp-block-heading has-text-align-center\">ARE YOU A SUPPLIER OR CONTRACTOR?<\/h3>\n\n<div style=\"height:30px\" aria-hidden=\"true\" class=\"wp-block-spacer\"><\/div>\n\n<p>If you\u2019re a supplier or contractor, we encourage you to join our <a href=\"https:\/\/efficiencymb.ca\/supplier-network\/\" target=\"_blank\" rel=\"noreferrer noopener\">supplier network<\/a>. You\u2019ll be listed on our website as a registered Efficiency Manitoba supplier and can offer our programs to your customers. You\u2019ll also have access to training opportunities and materials offered by our team of experts, and you can promote our energy efficiency programs in your advertising. The best part? It\u2019s free to register and participate!\u202f\u00a0<\/p>\n<div class=\"theme-button wp-block-button aligncenter\">\r\n\t<a target=\"_blank\" class=\"wp-block-button__link has-background no-border-radius button cta button-large\" href=\"https:\/\/efficiencymb.ca\/fr\/trouver-un-fournisseur\/\"><strong>JOIN OUR<\/strong><br>SUPPLIER NETWORK<\/a>\r\n<\/div>","protected":false},"excerpt":{"rendered":"<p>D\u00e9couvrez comment nous avons aid\u00e9 un propri\u00e9taire d\u2019immeuble de locaux commerciaux \u00e0 Saint-Boniface \u00e0 \u00e9conomiser de l\u2019\u00e9nergie et \u00e0 r\u00e9duire ses factures d\u2019\u00e9nergie.<\/p>\n","protected":false},"author":10,"featured_media":72602,"comment_status":"closed","ping_status":"open","sticky":false,"template":"","format":"standard","meta":{"_acf_changed":false,"footnotes":""},"categories":[232],"tags":[248,234,292,360,213],"class_list":["post-72510","post","type-post","status-publish","format-standard","has-post-thumbnail","hentry","category-programmes-fr","tag-del-fr","tag-eclairage-fr","tag-declairage-des-entreprises-fr","tag-efficacite-energetique","tag-manitoba-fr"],"acf":[],"yoast_head":"<!-- This site is optimized with the Yoast SEO plugin v27.3 - https:\/\/yoast.com\/product\/yoast-seo-wordpress\/ -->\n<title>PROJET EN VEDETTE\u00a0: CENTRE PROFESSIONNEL SITU\u00c9 AU 412, RUE MARION &#8212; Efficiency Manitoba<\/title>\n<meta name=\"description\" content=\"D\u00e9couvrez comment nous avons aid\u00e9 un propri\u00e9taire d\u2019immeuble de locaux commerciaux \u00e0 Saint-Boniface \u00e0 \u00e9conomiser de l\u2019\u00e9nergie et \u00e0 r\u00e9duire ses factures d\u2019\u00e9nergie.\" \/>\n<meta name=\"robots\" content=\"index, follow, max-snippet:-1, max-image-preview:large, max-video-preview:-1\" \/>\n<link rel=\"canonical\" href=\"https:\/\/efficiencymb.ca\/fr\/articles\/projet-en-vedette-centre-professionnel-situe-au-412-rue-marion\/\" \/>\n<meta property=\"og:locale\" content=\"fr_FR\" \/>\n<meta property=\"og:type\" content=\"article\" \/>\n<meta property=\"og:title\" content=\"PROJET EN VEDETTE\u00a0: CENTRE PROFESSIONNEL SITU\u00c9 AU 412, RUE MARION &#8212; Efficiency Manitoba\" \/>\n<meta property=\"og:description\" content=\"D\u00e9couvrez comment nous avons aid\u00e9 un propri\u00e9taire d\u2019immeuble de locaux commerciaux \u00e0 Saint-Boniface \u00e0 \u00e9conomiser de l\u2019\u00e9nergie et \u00e0 r\u00e9duire ses factures d\u2019\u00e9nergie.\" \/>\n<meta property=\"og:url\" content=\"https:\/\/efficiencymb.ca\/fr\/articles\/projet-en-vedette-centre-professionnel-situe-au-412-rue-marion\/\" \/>\n<meta property=\"og:site_name\" content=\"Efficiency Manitoba\" \/>\n<meta property=\"article:published_time\" content=\"2025-01-31T14:00:00+00:00\" \/>\n<meta property=\"article:modified_time\" content=\"2025-02-05T14:38:19+00:00\" \/>\n<meta property=\"og:image\" content=\"https:\/\/efficiencymb.ca\/wp-content\/uploads\/BLP-412-Marion-1-scaled-e1738074507205.jpeg\" \/>\n\t<meta property=\"og:image:width\" content=\"2560\" \/>\n\t<meta property=\"og:image:height\" content=\"1920\" \/>\n\t<meta property=\"og:image:type\" content=\"image\/jpeg\" \/>\n<meta name=\"author\" content=\"Alyssa Heuchert\" \/>\n<meta name=\"twitter:card\" content=\"summary_large_image\" \/>\n<meta name=\"twitter:label1\" content=\"\u00c9crit par\" \/>\n\t<meta name=\"twitter:data1\" content=\"Alyssa Heuchert\" \/>\n\t<meta name=\"twitter:label2\" content=\"Dur\u00e9e de lecture estim\u00e9e\" \/>\n\t<meta name=\"twitter:data2\" content=\"4 minutes\" \/>\n<script type=\"application\/ld+json\" class=\"yoast-schema-graph\">{\"@context\":\"https:\\\/\\\/schema.org\",\"@graph\":[{\"@type\":\"Article\",\"@id\":\"https:\\\/\\\/efficiencymb.ca\\\/fr\\\/articles\\\/projet-en-vedette-centre-professionnel-situe-au-412-rue-marion\\\/#article\",\"isPartOf\":{\"@id\":\"https:\\\/\\\/efficiencymb.ca\\\/fr\\\/articles\\\/projet-en-vedette-centre-professionnel-situe-au-412-rue-marion\\\/\"},\"author\":{\"name\":\"Alyssa Heuchert\",\"@id\":\"https:\\\/\\\/efficiencymb.ca\\\/#\\\/schema\\\/person\\\/3cec4c5f343480c23b62eb570c36d947\"},\"headline\":\"PROJET EN VEDETTE\u00a0: CENTRE PROFESSIONNEL SITU\u00c9 AU 412, RUE MARION\",\"datePublished\":\"2025-01-31T14:00:00+00:00\",\"dateModified\":\"2025-02-05T14:38:19+00:00\",\"mainEntityOfPage\":{\"@id\":\"https:\\\/\\\/efficiencymb.ca\\\/fr\\\/articles\\\/projet-en-vedette-centre-professionnel-situe-au-412-rue-marion\\\/\"},\"wordCount\":451,\"publisher\":{\"@id\":\"https:\\\/\\\/efficiencymb.ca\\\/#organization\"},\"image\":{\"@id\":\"https:\\\/\\\/efficiencymb.ca\\\/fr\\\/articles\\\/projet-en-vedette-centre-professionnel-situe-au-412-rue-marion\\\/#primaryimage\"},\"thumbnailUrl\":\"https:\\\/\\\/efficiencymb.ca\\\/wp-content\\\/uploads\\\/BLP-412-Marion-1-scaled-e1738074507205.jpeg\",\"keywords\":[\"DEL\",\"\u00c9CLAIRAGE\",\"\u00c9CLAIRAGE DES ENTREPRISES\",\"EFFICACIT\u00c9 \u00c9NERG\u00c9TIQUE\",\"MANITOBA\"],\"articleSection\":[\"PROGRAMMES\"],\"inLanguage\":\"fr-FR\"},{\"@type\":\"WebPage\",\"@id\":\"https:\\\/\\\/efficiencymb.ca\\\/fr\\\/articles\\\/projet-en-vedette-centre-professionnel-situe-au-412-rue-marion\\\/\",\"url\":\"https:\\\/\\\/efficiencymb.ca\\\/fr\\\/articles\\\/projet-en-vedette-centre-professionnel-situe-au-412-rue-marion\\\/\",\"name\":\"PROJET EN VEDETTE\u00a0: CENTRE PROFESSIONNEL SITU\u00c9 AU 412, RUE MARION &#8212; Efficiency Manitoba\",\"isPartOf\":{\"@id\":\"https:\\\/\\\/efficiencymb.ca\\\/#website\"},\"primaryImageOfPage\":{\"@id\":\"https:\\\/\\\/efficiencymb.ca\\\/fr\\\/articles\\\/projet-en-vedette-centre-professionnel-situe-au-412-rue-marion\\\/#primaryimage\"},\"image\":{\"@id\":\"https:\\\/\\\/efficiencymb.ca\\\/fr\\\/articles\\\/projet-en-vedette-centre-professionnel-situe-au-412-rue-marion\\\/#primaryimage\"},\"thumbnailUrl\":\"https:\\\/\\\/efficiencymb.ca\\\/wp-content\\\/uploads\\\/BLP-412-Marion-1-scaled-e1738074507205.jpeg\",\"datePublished\":\"2025-01-31T14:00:00+00:00\",\"dateModified\":\"2025-02-05T14:38:19+00:00\",\"description\":\"D\u00e9couvrez comment nous avons aid\u00e9 un propri\u00e9taire d\u2019immeuble de locaux commerciaux \u00e0 Saint-Boniface \u00e0 \u00e9conomiser de l\u2019\u00e9nergie et \u00e0 r\u00e9duire ses factures d\u2019\u00e9nergie.\",\"breadcrumb\":{\"@id\":\"https:\\\/\\\/efficiencymb.ca\\\/fr\\\/articles\\\/projet-en-vedette-centre-professionnel-situe-au-412-rue-marion\\\/#breadcrumb\"},\"inLanguage\":\"fr-FR\",\"potentialAction\":[{\"@type\":\"ReadAction\",\"target\":[\"https:\\\/\\\/efficiencymb.ca\\\/fr\\\/articles\\\/projet-en-vedette-centre-professionnel-situe-au-412-rue-marion\\\/\"]}]},{\"@type\":\"ImageObject\",\"inLanguage\":\"fr-FR\",\"@id\":\"https:\\\/\\\/efficiencymb.ca\\\/fr\\\/articles\\\/projet-en-vedette-centre-professionnel-situe-au-412-rue-marion\\\/#primaryimage\",\"url\":\"https:\\\/\\\/efficiencymb.ca\\\/wp-content\\\/uploads\\\/BLP-412-Marion-1-scaled-e1738074507205.jpeg\",\"contentUrl\":\"https:\\\/\\\/efficiencymb.ca\\\/wp-content\\\/uploads\\\/BLP-412-Marion-1-scaled-e1738074507205.jpeg\",\"width\":2560,\"height\":1920},{\"@type\":\"BreadcrumbList\",\"@id\":\"https:\\\/\\\/efficiencymb.ca\\\/fr\\\/articles\\\/projet-en-vedette-centre-professionnel-situe-au-412-rue-marion\\\/#breadcrumb\",\"itemListElement\":[{\"@type\":\"ListItem\",\"position\":1,\"name\":\"Home\",\"item\":\"https:\\\/\\\/efficiencymb.ca\\\/fr\\\/\"},{\"@type\":\"ListItem\",\"position\":2,\"name\":\"PROJET EN VEDETTE\u00a0: CENTRE PROFESSIONNEL SITU\u00c9 AU 412, RUE MARION\"}]},{\"@type\":\"WebSite\",\"@id\":\"https:\\\/\\\/efficiencymb.ca\\\/#website\",\"url\":\"https:\\\/\\\/efficiencymb.ca\\\/\",\"name\":\"Efficiency Manitoba\",\"description\":\"\",\"publisher\":{\"@id\":\"https:\\\/\\\/efficiencymb.ca\\\/#organization\"},\"potentialAction\":[{\"@type\":\"SearchAction\",\"target\":{\"@type\":\"EntryPoint\",\"urlTemplate\":\"https:\\\/\\\/efficiencymb.ca\\\/?s={search_term_string}\"},\"query-input\":{\"@type\":\"PropertyValueSpecification\",\"valueRequired\":true,\"valueName\":\"search_term_string\"}}],\"inLanguage\":\"fr-FR\"},{\"@type\":\"Organization\",\"@id\":\"https:\\\/\\\/efficiencymb.ca\\\/#organization\",\"name\":\"Efficiency Manitoba\",\"url\":\"https:\\\/\\\/efficiencymb.ca\\\/\",\"logo\":{\"@type\":\"ImageObject\",\"inLanguage\":\"fr-FR\",\"@id\":\"https:\\\/\\\/efficiencymb.ca\\\/#\\\/schema\\\/logo\\\/image\\\/\",\"url\":\"https:\\\/\\\/efficiencymb.ca\\\/wp-content\\\/uploads\\\/em-logo-white-en.png\",\"contentUrl\":\"https:\\\/\\\/efficiencymb.ca\\\/wp-content\\\/uploads\\\/em-logo-white-en.png\",\"width\":388,\"height\":91,\"caption\":\"Efficiency Manitoba\"},\"image\":{\"@id\":\"https:\\\/\\\/efficiencymb.ca\\\/#\\\/schema\\\/logo\\\/image\\\/\"}},{\"@type\":\"Person\",\"@id\":\"https:\\\/\\\/efficiencymb.ca\\\/#\\\/schema\\\/person\\\/3cec4c5f343480c23b62eb570c36d947\",\"name\":\"Alyssa Heuchert\",\"image\":{\"@type\":\"ImageObject\",\"inLanguage\":\"fr-FR\",\"@id\":\"https:\\\/\\\/secure.gravatar.com\\\/avatar\\\/b1dc5063ecb17cbb29acb851072e9c6e4b103c251e84ec712cd375935f7519e3?s=96&d=mm&r=g\",\"url\":\"https:\\\/\\\/secure.gravatar.com\\\/avatar\\\/b1dc5063ecb17cbb29acb851072e9c6e4b103c251e84ec712cd375935f7519e3?s=96&d=mm&r=g\",\"contentUrl\":\"https:\\\/\\\/secure.gravatar.com\\\/avatar\\\/b1dc5063ecb17cbb29acb851072e9c6e4b103c251e84ec712cd375935f7519e3?s=96&d=mm&r=g\",\"caption\":\"Alyssa Heuchert\"}}]}<\/script>\n<!-- \/ Yoast SEO plugin. -->","yoast_head_json":{"title":"PROJET EN VEDETTE\u00a0: CENTRE PROFESSIONNEL SITU\u00c9 AU 412, RUE MARION &#8212; Efficiency Manitoba","description":"D\u00e9couvrez comment nous avons aid\u00e9 un propri\u00e9taire d\u2019immeuble de locaux commerciaux \u00e0 Saint-Boniface \u00e0 \u00e9conomiser de l\u2019\u00e9nergie et \u00e0 r\u00e9duire ses factures d\u2019\u00e9nergie.","robots":{"index":"index","follow":"follow","max-snippet":"max-snippet:-1","max-image-preview":"max-image-preview:large","max-video-preview":"max-video-preview:-1"},"canonical":"https:\/\/efficiencymb.ca\/fr\/articles\/projet-en-vedette-centre-professionnel-situe-au-412-rue-marion\/","og_locale":"fr_FR","og_type":"article","og_title":"PROJET EN VEDETTE\u00a0: CENTRE PROFESSIONNEL SITU\u00c9 AU 412, RUE MARION &#8212; Efficiency Manitoba","og_description":"D\u00e9couvrez comment nous avons aid\u00e9 un propri\u00e9taire d\u2019immeuble de locaux commerciaux \u00e0 Saint-Boniface \u00e0 \u00e9conomiser de l\u2019\u00e9nergie et \u00e0 r\u00e9duire ses factures d\u2019\u00e9nergie.","og_url":"https:\/\/efficiencymb.ca\/fr\/articles\/projet-en-vedette-centre-professionnel-situe-au-412-rue-marion\/","og_site_name":"Efficiency Manitoba","article_published_time":"2025-01-31T14:00:00+00:00","article_modified_time":"2025-02-05T14:38:19+00:00","og_image":[{"width":2560,"height":1920,"url":"https:\/\/efficiencymb.ca\/wp-content\/uploads\/BLP-412-Marion-1-scaled-e1738074507205.jpeg","type":"image\/jpeg"}],"author":"Alyssa Heuchert","twitter_card":"summary_large_image","twitter_misc":{"\u00c9crit par":"Alyssa Heuchert","Dur\u00e9e de lecture estim\u00e9e":"4 minutes"},"schema":{"@context":"https:\/\/schema.org","@graph":[{"@type":"Article","@id":"https:\/\/efficiencymb.ca\/fr\/articles\/projet-en-vedette-centre-professionnel-situe-au-412-rue-marion\/#article","isPartOf":{"@id":"https:\/\/efficiencymb.ca\/fr\/articles\/projet-en-vedette-centre-professionnel-situe-au-412-rue-marion\/"},"author":{"name":"Alyssa Heuchert","@id":"https:\/\/efficiencymb.ca\/#\/schema\/person\/3cec4c5f343480c23b62eb570c36d947"},"headline":"PROJET EN VEDETTE\u00a0: CENTRE PROFESSIONNEL SITU\u00c9 AU 412, RUE MARION","datePublished":"2025-01-31T14:00:00+00:00","dateModified":"2025-02-05T14:38:19+00:00","mainEntityOfPage":{"@id":"https:\/\/efficiencymb.ca\/fr\/articles\/projet-en-vedette-centre-professionnel-situe-au-412-rue-marion\/"},"wordCount":451,"publisher":{"@id":"https:\/\/efficiencymb.ca\/#organization"},"image":{"@id":"https:\/\/efficiencymb.ca\/fr\/articles\/projet-en-vedette-centre-professionnel-situe-au-412-rue-marion\/#primaryimage"},"thumbnailUrl":"https:\/\/efficiencymb.ca\/wp-content\/uploads\/BLP-412-Marion-1-scaled-e1738074507205.jpeg","keywords":["DEL","\u00c9CLAIRAGE","\u00c9CLAIRAGE DES ENTREPRISES","EFFICACIT\u00c9 \u00c9NERG\u00c9TIQUE","MANITOBA"],"articleSection":["PROGRAMMES"],"inLanguage":"fr-FR"},{"@type":"WebPage","@id":"https:\/\/efficiencymb.ca\/fr\/articles\/projet-en-vedette-centre-professionnel-situe-au-412-rue-marion\/","url":"https:\/\/efficiencymb.ca\/fr\/articles\/projet-en-vedette-centre-professionnel-situe-au-412-rue-marion\/","name":"PROJET EN VEDETTE\u00a0: CENTRE PROFESSIONNEL SITU\u00c9 AU 412, RUE MARION &#8212; Efficiency Manitoba","isPartOf":{"@id":"https:\/\/efficiencymb.ca\/#website"},"primaryImageOfPage":{"@id":"https:\/\/efficiencymb.ca\/fr\/articles\/projet-en-vedette-centre-professionnel-situe-au-412-rue-marion\/#primaryimage"},"image":{"@id":"https:\/\/efficiencymb.ca\/fr\/articles\/projet-en-vedette-centre-professionnel-situe-au-412-rue-marion\/#primaryimage"},"thumbnailUrl":"https:\/\/efficiencymb.ca\/wp-content\/uploads\/BLP-412-Marion-1-scaled-e1738074507205.jpeg","datePublished":"2025-01-31T14:00:00+00:00","dateModified":"2025-02-05T14:38:19+00:00","description":"D\u00e9couvrez comment nous avons aid\u00e9 un propri\u00e9taire d\u2019immeuble de locaux commerciaux \u00e0 Saint-Boniface \u00e0 \u00e9conomiser de l\u2019\u00e9nergie et \u00e0 r\u00e9duire ses factures d\u2019\u00e9nergie.","breadcrumb":{"@id":"https:\/\/efficiencymb.ca\/fr\/articles\/projet-en-vedette-centre-professionnel-situe-au-412-rue-marion\/#breadcrumb"},"inLanguage":"fr-FR","potentialAction":[{"@type":"ReadAction","target":["https:\/\/efficiencymb.ca\/fr\/articles\/projet-en-vedette-centre-professionnel-situe-au-412-rue-marion\/"]}]},{"@type":"ImageObject","inLanguage":"fr-FR","@id":"https:\/\/efficiencymb.ca\/fr\/articles\/projet-en-vedette-centre-professionnel-situe-au-412-rue-marion\/#primaryimage","url":"https:\/\/efficiencymb.ca\/wp-content\/uploads\/BLP-412-Marion-1-scaled-e1738074507205.jpeg","contentUrl":"https:\/\/efficiencymb.ca\/wp-content\/uploads\/BLP-412-Marion-1-scaled-e1738074507205.jpeg","width":2560,"height":1920},{"@type":"BreadcrumbList","@id":"https:\/\/efficiencymb.ca\/fr\/articles\/projet-en-vedette-centre-professionnel-situe-au-412-rue-marion\/#breadcrumb","itemListElement":[{"@type":"ListItem","position":1,"name":"Home","item":"https:\/\/efficiencymb.ca\/fr\/"},{"@type":"ListItem","position":2,"name":"PROJET EN VEDETTE\u00a0: CENTRE PROFESSIONNEL SITU\u00c9 AU 412, RUE MARION"}]},{"@type":"WebSite","@id":"https:\/\/efficiencymb.ca\/#website","url":"https:\/\/efficiencymb.ca\/","name":"Efficiency Manitoba","description":"","publisher":{"@id":"https:\/\/efficiencymb.ca\/#organization"},"potentialAction":[{"@type":"SearchAction","target":{"@type":"EntryPoint","urlTemplate":"https:\/\/efficiencymb.ca\/?s={search_term_string}"},"query-input":{"@type":"PropertyValueSpecification","valueRequired":true,"valueName":"search_term_string"}}],"inLanguage":"fr-FR"},{"@type":"Organization","@id":"https:\/\/efficiencymb.ca\/#organization","name":"Efficiency Manitoba","url":"https:\/\/efficiencymb.ca\/","logo":{"@type":"ImageObject","inLanguage":"fr-FR","@id":"https:\/\/efficiencymb.ca\/#\/schema\/logo\/image\/","url":"https:\/\/efficiencymb.ca\/wp-content\/uploads\/em-logo-white-en.png","contentUrl":"https:\/\/efficiencymb.ca\/wp-content\/uploads\/em-logo-white-en.png","width":388,"height":91,"caption":"Efficiency Manitoba"},"image":{"@id":"https:\/\/efficiencymb.ca\/#\/schema\/logo\/image\/"}},{"@type":"Person","@id":"https:\/\/efficiencymb.ca\/#\/schema\/person\/3cec4c5f343480c23b62eb570c36d947","name":"Alyssa Heuchert","image":{"@type":"ImageObject","inLanguage":"fr-FR","@id":"https:\/\/secure.gravatar.com\/avatar\/b1dc5063ecb17cbb29acb851072e9c6e4b103c251e84ec712cd375935f7519e3?s=96&d=mm&r=g","url":"https:\/\/secure.gravatar.com\/avatar\/b1dc5063ecb17cbb29acb851072e9c6e4b103c251e84ec712cd375935f7519e3?s=96&d=mm&r=g","contentUrl":"https:\/\/secure.gravatar.com\/avatar\/b1dc5063ecb17cbb29acb851072e9c6e4b103c251e84ec712cd375935f7519e3?s=96&d=mm&r=g","caption":"Alyssa Heuchert"}}]}},"_links":{"self":[{"href":"https:\/\/efficiencymb.ca\/fr\/wp-json\/wp\/v2\/posts\/72510","targetHints":{"allow":["GET"]}}],"collection":[{"href":"https:\/\/efficiencymb.ca\/fr\/wp-json\/wp\/v2\/posts"}],"about":[{"href":"https:\/\/efficiencymb.ca\/fr\/wp-json\/wp\/v2\/types\/post"}],"author":[{"embeddable":true,"href":"https:\/\/efficiencymb.ca\/fr\/wp-json\/wp\/v2\/users\/10"}],"replies":[{"embeddable":true,"href":"https:\/\/efficiencymb.ca\/fr\/wp-json\/wp\/v2\/comments?post=72510"}],"version-history":[{"count":2,"href":"https:\/\/efficiencymb.ca\/fr\/wp-json\/wp\/v2\/posts\/72510\/revisions"}],"predecessor-version":[{"id":72823,"href":"https:\/\/efficiencymb.ca\/fr\/wp-json\/wp\/v2\/posts\/72510\/revisions\/72823"}],"wp:featuredmedia":[{"embeddable":true,"href":"https:\/\/efficiencymb.ca\/fr\/wp-json\/wp\/v2\/media\/72602"}],"wp:attachment":[{"href":"https:\/\/efficiencymb.ca\/fr\/wp-json\/wp\/v2\/media?parent=72510"}],"wp:term":[{"taxonomy":"category","embeddable":true,"href":"https:\/\/efficiencymb.ca\/fr\/wp-json\/wp\/v2\/categories?post=72510"},{"taxonomy":"post_tag","embeddable":true,"href":"https:\/\/efficiencymb.ca\/fr\/wp-json\/wp\/v2\/tags?post=72510"}],"curies":[{"name":"wp","href":"https:\/\/api.w.org\/{rel}","templated":true}]}}