{"id":55100,"date":"2023-07-18T10:52:21","date_gmt":"2023-07-18T15:52:21","guid":{"rendered":"https:\/\/efficiencymb.ca\/?p=55100"},"modified":"2025-11-17T14:46:11","modified_gmt":"2025-11-17T20:46:11","slug":"jour-de-la-terre-creer-un-avenir-durable","status":"publish","type":"post","link":"https:\/\/efficiencymb.ca\/fr\/articles\/jour-de-la-terre-creer-un-avenir-durable\/","title":{"rendered":"JOUR DE LA TERRE\u00a0: CR\u00c9ER UN AVENIR DURABLE"},"content":{"rendered":"\n<h2 class=\"wp-block-heading has-text-align-center is-style-hero-heading\" id=\"how-we-re-supporting-new-energy-efficient-construction\">COMPRENDRE L\u2019EFFICACIT\u00c9 \u00c9NERG\u00c9TIQUE ET LA FA\u00c7ON DONT VOTRE MAISON UTILISE L\u2019\u00c9NERGIE<\/h2>\n\n\n\n<p>Le Jour de la Terre est une journ\u00e9e qui vise \u00e0 encourager les particuliers, les entreprises et les gouvernements \u00e0 agir pour pr\u00e9server l\u2019environnement dans lequel nous vivons. Il est plus important que jamais de reconna\u00eetre notre impact sur la plan\u00e8te et de commencer \u00e0 prendre des mesures d\u00e8s maintenant pour cr\u00e9er un avenir durable pour les g\u00e9n\u00e9rations \u00e0 venir, et nous sommes l\u00e0 pour vous aider.&nbsp;<\/p>\n\n\n\n<p>Nous sommes une soci\u00e9t\u00e9 d\u2019\u00c9tat vou\u00e9e \u00e0 l\u2019efficacit\u00e9 \u00e9nerg\u00e9tique. Nous offrons des programmes et des remises pour vous aider \u00e0 \u00e9conomiser de l\u2019\u00e9lectricit\u00e9 et du gaz naturel, et nous avons une \u00e9quipe d\u2019experts pour vous aider \u00e0 rendre les maisons, les entreprises et les collectivit\u00e9s plus \u00e9co\u00e9nerg\u00e9tiques.<\/p>\n\n\n\n<p>Si vous souhaitez am\u00e9liorer votre efficacit\u00e9 \u00e9nerg\u00e9tique, mais que vous ne savez pas par o\u00f9 commencer, nous pouvons vous aider! Comprendre en quoi consiste l\u2019efficacit\u00e9 \u00e9nerg\u00e9tique et la fa\u00e7on dont votre maison utilise l\u2019\u00e9nergie sont les premi\u00e8res \u00e9tapes pour r\u00e9duire votre consommation d\u2019\u00e9nergie, \u00e9conomiser sur vos factures mensuelles et cr\u00e9er des changements positifs pour l\u2019environnement dans lequel nous vivons.<\/p>\n\n\n\n<h3 class=\"wp-block-heading has-text-align-center is-style-hero-heading-grey\">QU\u2019EST-CE QUE L\u2019EFFICACIT\u00c9 \u00c9NERG\u00c9TIQUE?<\/h3>\n\n\n\n<p>Vous avez probablement d\u00e9j\u00e0 entendu le terme \u00ab&nbsp;efficacit\u00e9 \u00e9nerg\u00e9tique&nbsp;\u00bb. Nous entendons souvent des choses comme \u00ab&nbsp;\u00eatre plus \u00e9co\u00e9nerg\u00e9tique&nbsp;\u00bb ou \u00ab&nbsp;utiliser l\u2019\u00e9nergie plus efficacement&nbsp;\u00bb, mais qu\u2019est-ce que \u00e7a veut dire au juste?\u202f\u202f&nbsp;<\/p>\n\n\n\n<p>L\u2019efficacit\u00e9 \u00e9nerg\u00e9tique consiste \u00e0 utiliser moins d\u2019\u00e9nergie pour faire la m\u00eame t\u00e2che et obtenir le m\u00eame r\u00e9sultat (ou mieux!). Nous voulons nous assurer que l\u2019\u00e9lectricit\u00e9 et le gaz naturel que nous consommons servent \u00e0 une t\u00e2che particuli\u00e8re, comme chauffer nos maisons ou alimenter nos appareils \u00e9lectrom\u00e9nagers, au lieu d\u2019\u00eatre gaspill\u00e9s.\u202f<\/p>\n\n\n\n<p>Bon nombre de foyers, d\u2019entreprises et de collectivit\u00e9s du Manitoba consomment plus d\u2019\u00e9nergie que n\u00e9cessaire. Il existe des moyens de r\u00e9duire le gaspillage d\u2019\u00e9nergie tout en \u00e9tant en mesure de vivre, de travailler et de se divertir confortablement. Nous voulons collaborer avec vous pour \u00e9pargner de l\u2019\u00e9nergie, de l\u2019argent et l\u2019environnement. C\u2019est une victoire sur toute la ligne!<\/p>\n\n\n\n<h3 class=\"wp-block-heading has-text-align-center is-style-hero-heading-grey\">L\u2019EFFICACIT\u00c9 \u00c9NERG\u00c9TIQUE PRODUIT DE R\u00c9ELS AVANTAGES<\/h3>\n\n\n\n<p>L\u2019efficacit\u00e9 \u00e9nerg\u00e9tique n\u2019est pas seulement une expression \u00e0 la mode ou une tendance passag\u00e8re. Il s\u2019agit d\u2019un ensemble de changements et de comportements qui produisent des r\u00e9sultats \u00e0 long terme, tant individuellement que collectivement en tant que province.\u202f&nbsp;<\/p>\n\n\n\n<p>Utiliser l\u2019\u00e9nergie de mani\u00e8re plus efficace pr\u00e9sente de nombreux avantages&nbsp;:<\/p>\n\n\n\n<ul class=\"wp-block-list is-style-small\">\n<li>R\u00e9duction des factures \u00e9nerg\u00e9tiques\u202f\u202f&nbsp;<\/li>\n\n\n\n<li>R\u00e9duction des \u00e9missions de gaz \u00e0 effet de serre (GES)\u202f\u202f&nbsp;<\/li>\n\n\n\n<li>Optimisation du confort int\u00e9rieur\u202f\u202f&nbsp;<\/li>\n\n\n\n<li>R\u00e9duction des co\u00fbts d\u2019entretien\u202f\u202f&nbsp;<\/li>\n\n\n\n<li>Am\u00e9lioration des op\u00e9rations (pour les entreprises)\u202f\u202f&nbsp;<\/li>\n\n\n\n<li>Augmentation des possibilit\u00e9s de cr\u00e9ation d\u2019emplois verts\u202f\u202f&nbsp;<\/li>\n<\/ul>\n\n\n\n<h3 class=\"wp-block-heading has-text-align-center is-style-hero-heading-grey\">FACTEURS QUI INFLUENT SUR LA CONSOMMATION D\u2019\u00c9NERGIE<\/h3>\n\n\n\n<p>Tout le monde utilise l\u2019\u00e9nergie diff\u00e9remment. Une famille de cinq personnes vivant sur une ferme aura probablement une facture \u00e9nerg\u00e9tique tr\u00e8s diff\u00e9rente de celle d\u2019une personne seule vivant dans une tour d\u2019habitation. Voici quelques facteurs fr\u00e9quents qui peuvent avoir un impact sur votre consommation&nbsp;:\u202f<\/p>\n\n\n\n<ul class=\"wp-block-list is-style-small\">\n<li>L\u2019\u00e2ge de votre maison (les maisons plus anciennes ont tendance \u00e0 avoir moins d\u2019isolation et d\u2019autres caract\u00e9ristiques \u00e9co\u00e9nerg\u00e9tiques que les maisons plus r\u00e9centes)\u202f\u202f&nbsp;<\/li>\n\n\n\n<li>La superficie de votre maison (les grandes maisons ont tendance \u00e0 consommer plus d\u2019\u00e9nergie)\u202f\u202f&nbsp;<\/li>\n\n\n\n<li>Le nombre de personnes dans votre m\u00e9nage (plus de membres du m\u00e9nage signifie plus de consommateurs d\u2019\u00e9nergie)\u202f\u202f\u202f\u202f&nbsp;\u202f\u202f\u202f&nbsp;<\/li>\n\n\n\n<li>Les comportements individuels (le r\u00e9glage de votre thermostat, vos passe-temps et vos habitudes peuvent tous avoir un impact sur la consommation d\u2019\u00e9nergie)<\/li>\n<\/ul>\n\n\n\n<h3 class=\"wp-block-heading has-text-align-center is-style-hero-heading-grey\">CONSOMMATION MOYENNE D\u2019\u00c9NERGIE DOMESTIQUE AU MANITOBA&nbsp;: LES CHIFFRES<\/h3>\n\n\n\n<p>Pour vous aider \u00e0 comprendre comment le Manitobain moyen consomme l\u2019\u00e9nergie, nous avons recueilli des donn\u00e9es de <a href=\"https:\/\/oee.nrcan.gc.ca\/organisme\/statistiques\/bnce\/apd\/menus\/evolution\/complet\/evolution_res_mb.cfm\" target=\"_blank\" rel=\"noreferrer noopener\">Ressources naturelles Canada<\/a> pour montrer la r\u00e9partition des foyers manitobains et la fa\u00e7on dont les Manitobains consomment l\u2019\u00e9lectricit\u00e9 et le gaz naturel&nbsp;:<\/p>\n\n\n<div class=\"wp-block-image\">\n<figure class=\"aligncenter size-medium is-resized\"><img loading=\"lazy\" decoding=\"async\" width=\"304\" height=\"269\" src=\"https:\/\/efficiencymb.ca\/wp-content\/uploads\/Efficiency-Manitoba-average-home-energy-use-304x269.png\" alt=\"\" class=\"wp-image-11629\" style=\"width:455px;height:403px\" srcset=\"https:\/\/efficiencymb.ca\/wp-content\/uploads\/Efficiency-Manitoba-average-home-energy-use-304x269.png 304w, https:\/\/efficiencymb.ca\/wp-content\/uploads\/Efficiency-Manitoba-average-home-energy-use-768x679.png 768w, https:\/\/efficiencymb.ca\/wp-content\/uploads\/Efficiency-Manitoba-average-home-energy-use.png 1022w\" sizes=\"auto, (max-width: 304px) 100vw, 304px\" \/><\/figure>\n<\/div>\n\n\n<div style=\"height:35px\" aria-hidden=\"true\" class=\"wp-block-spacer\"><\/div>\n\n\n\n<p>Une maison moyenne peut s\u2019attendre \u00e0 voir 75&nbsp;% de sa facture \u00e9nerg\u00e9tique mensuelle aller au chauffage de la maison et de l\u2019eau. Suivent de loin les autres consommateurs d\u2019\u00e9nergie, y compris l\u2019\u00e9clairage, les appareils \u00e9lectrom\u00e9nagers, l\u2019\u00e9lectronique et la climatisation. La r\u00e9partition pour les maisons chauff\u00e9es \u00e0 l\u2019\u00e9lectricit\u00e9 et au gaz naturel est presque identique.\u202f&nbsp;<\/p>\n\n\n\n<p><strong>Si vous cherchez \u00e0 r\u00e9duire vos co\u00fbts \u00e9nerg\u00e9tiques, il est judicieux d\u2019examiner d\u2019abord vos plus gros consommateurs, c\u2019est-\u00e0-dire vos syst\u00e8mes de chauffage.\u202f\u202f\u202f<\/strong><strong>&nbsp;<\/strong><\/p>\n\n\n\n<h3 class=\"wp-block-heading has-text-align-center is-style-hero-heading-grey\">PROGRAMMES POUR VOUS AIDER \u00c0 \u00c9CONOMISER<\/h3>\n\n\n\n<p>Efficacit\u00e9 Manitoba veut faciliter vos am\u00e9liorations \u00e9co\u00e9nerg\u00e9tiques! Nous offrons deux programmes qui peuvent vous aider \u00e0 r\u00e9duire vos co\u00fbts de chauffage&nbsp;:\u202f&nbsp;<\/p>\n\n\n\n<ul class=\"wp-block-list is-style-small\">\n<li>Notre <a href=\"https:\/\/efficiencymb.ca\/fr\/ma-maison\/programme-d-aide-a-lefficacite-energetique\/\" target=\"_blank\" rel=\"noreferrer noopener\">Programme d\u2019aide \u00e0 l\u2019efficacit\u00e9 \u00e9nerg\u00e9tique<\/a> offre des am\u00e9liorations gratuites ou subventionn\u00e9es aux m\u00e9nages admissibles. Vous pouvez recevoir une isolation gratuite et un remplacement subventionn\u00e9 de votre appareil de chauffage central au gaz naturel d\u2019efficacit\u00e9 standard ou moyenne par un appareil \u00e0 haute efficacit\u00e9.<\/li>\n\n\n\n<li>Une bonne isolation de votre maison est une des meilleures fa\u00e7ons de r\u00e9duire vos factures \u00e9nerg\u00e9tiques. Si votre maison a \u00e9t\u00e9 construite avant 1999, elle pourrait ne pas avoir assez d\u2019isolation. Gr\u00e2ce \u00e0 notre <a href=\"https:\/\/efficiencymb.ca\/fr\/ma-maison\/remise-pour-lisolation-des-maisons\/\" target=\"_blank\" rel=\"noreferrer noopener\">remise pour l\u2019isolation des maisons<\/a>, les propri\u00e9taires peuvent se faire rembourser des co\u00fbts d\u2019isolation. V\u00e9rifiez si vous et votre projet vous qualifiez et assurez-vous de recevoir l\u2019approbation de votre projet avant d\u2019acheter des mat\u00e9riaux ou de commencer des travaux.\u202f&nbsp;<\/li>\n<\/ul>\n\n\n\n<h3 class=\"wp-block-heading has-text-align-center is-style-hero-heading-grey\">PETITS CHANGEMENTS, GROS IMPACT<\/h3>\n\n\n\n<p>Pour c\u00e9l\u00e9brer le Jour de la Terre, nous vous encourageons \u00e0 int\u00e9grer ces habitudes simples et \u00e9co\u00e9nerg\u00e9tiques \u00e0 votre routine quotidienne&nbsp;:\u202f\u202f&nbsp;<\/p>\n\n\n\n<ul class=\"wp-block-list is-style-small\">\n<li>Passez aux ampoules \u00e0 DEL et assurez-vous d\u2019\u00e9teindre les lumi\u00e8res lorsque vous quittez une pi\u00e8ce.<\/li>\n\n\n\n<li>R\u00e9glez votre thermostat de trois degr\u00e9s plus chaud en \u00e9t\u00e9 ou plus frais en hiver pendant au moins huit heures par jour.\u202f&nbsp;<\/li>\n\n\n\n<li>\u00c9teignez et d\u00e9branchez les appareils lorsque vous ne les utilisez pas ou utilisez une barre multiprise \u00e9volu\u00e9e. Lorsque vous \u00e9teignez un appareil principal, comme votre ordinateur ou votre t\u00e9l\u00e9viseur, tous les appareils connect\u00e9s \u00e0 la multiprise s\u2019\u00e9teindront \u00e9galement, comme les imprimantes et les consoles de jeux.\u202f&nbsp;<\/li>\n\n\n\n<li>Le temps plus chaud \u00e9tant \u00e0 nos portes, ouvrez vos fen\u00eatres pour profiter de la brise l\u00e9g\u00e8re au lieu d\u2019utiliser votre climatiseur.\u202f&nbsp;<\/li>\n\n\n\n<li>Lavez vos v\u00eatements \u00e0 l\u2019eau froide et suspendez-les dehors pour les faire s\u00e9cher au lieu d\u2019utiliser votre s\u00e9cheuse.\u202f&nbsp;<\/li>\n<\/ul>\n\n\n\n<div style=\"height:35px\" aria-hidden=\"true\" class=\"wp-block-spacer\"><\/div>\n\n\n\n<p>Nous sommes l\u00e0 pour vous aider \u00e0 \u00eatre aussi \u00e9co\u00e9nerg\u00e9tique que possible. Vous trouverez des conseils d\u2019experts, des articles d\u2019information, des programmes et des remises sur notre site Web pour vous aider \u00e0 \u00e9conomiser de l\u2019\u00e9nergie et de l\u2019argent pour les ann\u00e9es \u00e0 venir.\u202f&nbsp;<\/p>\n\n\n\n<div style=\"height:30px\" aria-hidden=\"true\" class=\"wp-block-spacer\"><\/div>\n","protected":false},"excerpt":{"rendered":"<p>COMPRENDRE L\u2019EFFICACIT\u00c9 \u00c9NERG\u00c9TIQUE ET LA FA\u00c7ON DONT VOTRE MAISON UTILISE L\u2019\u00c9NERGIE Le Jour de la Terre est une journ\u00e9e qui vise \u00e0 encourager les particuliers, les entreprises et les gouvernements \u00e0 agir pour pr\u00e9server l\u2019environnement dans lequel nous vivons. Il est plus important que jamais de reconna\u00eetre notre impact sur la plan\u00e8te et de commencercontinue-reading<\/p>\n","protected":false},"author":11,"featured_media":28031,"comment_status":"closed","ping_status":"closed","sticky":false,"template":"","format":"standard","meta":{"_acf_changed":false,"footnotes":""},"categories":[232],"tags":[212,360,284,213],"class_list":["post-55100","post","type-post","status-publish","format-standard","has-post-thumbnail","hentry","category-programmes-fr","tag-accueil-fr","tag-efficacite-energetique","tag-jour-de-la-terre-fr","tag-manitoba-fr"],"acf":[],"yoast_head":"<!-- This site is optimized with the Yoast SEO plugin v27.3 - https:\/\/yoast.com\/product\/yoast-seo-wordpress\/ -->\n<title>JOUR DE LA TERRE\u00a0: CR\u00c9ER UN AVENIR DURABLE &#8212; Efficiency Manitoba<\/title>\n<meta name=\"robots\" content=\"index, follow, max-snippet:-1, max-image-preview:large, max-video-preview:-1\" \/>\n<link rel=\"canonical\" href=\"https:\/\/efficiencymb.ca\/fr\/articles\/jour-de-la-terre-creer-un-avenir-durable\/\" \/>\n<meta property=\"og:locale\" content=\"fr_FR\" \/>\n<meta property=\"og:type\" content=\"article\" \/>\n<meta property=\"og:title\" content=\"JOUR DE LA TERRE\u00a0: CR\u00c9ER UN AVENIR DURABLE &#8212; Efficiency Manitoba\" \/>\n<meta property=\"og:description\" content=\"COMPRENDRE L\u2019EFFICACIT\u00c9 \u00c9NERG\u00c9TIQUE ET LA FA\u00c7ON DONT VOTRE MAISON UTILISE L\u2019\u00c9NERGIE Le Jour de la Terre est une journ\u00e9e qui vise \u00e0 encourager les particuliers, les entreprises et les gouvernements \u00e0 agir pour pr\u00e9server l\u2019environnement dans lequel nous vivons. Il est plus important que jamais de reconna\u00eetre notre impact sur la plan\u00e8te et de commencercontinue-reading\" \/>\n<meta property=\"og:url\" content=\"https:\/\/efficiencymb.ca\/fr\/articles\/jour-de-la-terre-creer-un-avenir-durable\/\" \/>\n<meta property=\"og:site_name\" content=\"Efficiency Manitoba\" \/>\n<meta property=\"article:published_time\" content=\"2023-07-18T15:52:21+00:00\" \/>\n<meta property=\"article:modified_time\" content=\"2025-11-17T20:46:11+00:00\" \/>\n<meta property=\"og:image\" content=\"https:\/\/efficiencymb.ca\/wp-content\/uploads\/GettyImages-1435661969-scaled-e1682093494377.jpg\" \/>\n\t<meta property=\"og:image:width\" content=\"2400\" \/>\n\t<meta property=\"og:image:height\" content=\"1350\" \/>\n\t<meta property=\"og:image:type\" content=\"image\/jpeg\" \/>\n<meta name=\"author\" content=\"Jeremy Choy\" \/>\n<meta name=\"twitter:card\" content=\"summary_large_image\" \/>\n<meta name=\"twitter:label1\" content=\"\u00c9crit par\" \/>\n\t<meta name=\"twitter:data1\" content=\"Jeremy Choy\" \/>\n\t<meta name=\"twitter:label2\" content=\"Dur\u00e9e de lecture estim\u00e9e\" \/>\n\t<meta name=\"twitter:data2\" content=\"5 minutes\" \/>\n<script type=\"application\/ld+json\" class=\"yoast-schema-graph\">{\"@context\":\"https:\\\/\\\/schema.org\",\"@graph\":[{\"@type\":\"Article\",\"@id\":\"https:\\\/\\\/efficiencymb.ca\\\/fr\\\/articles\\\/jour-de-la-terre-creer-un-avenir-durable\\\/#article\",\"isPartOf\":{\"@id\":\"https:\\\/\\\/efficiencymb.ca\\\/fr\\\/articles\\\/jour-de-la-terre-creer-un-avenir-durable\\\/\"},\"author\":{\"name\":\"Jeremy Choy\",\"@id\":\"https:\\\/\\\/efficiencymb.ca\\\/#\\\/schema\\\/person\\\/fdf1983d73e7739e259ace40235518b2\"},\"headline\":\"JOUR DE LA TERRE\u00a0: CR\u00c9ER UN AVENIR DURABLE\",\"datePublished\":\"2023-07-18T15:52:21+00:00\",\"dateModified\":\"2025-11-17T20:46:11+00:00\",\"mainEntityOfPage\":{\"@id\":\"https:\\\/\\\/efficiencymb.ca\\\/fr\\\/articles\\\/jour-de-la-terre-creer-un-avenir-durable\\\/\"},\"wordCount\":1207,\"publisher\":{\"@id\":\"https:\\\/\\\/efficiencymb.ca\\\/#organization\"},\"image\":{\"@id\":\"https:\\\/\\\/efficiencymb.ca\\\/fr\\\/articles\\\/jour-de-la-terre-creer-un-avenir-durable\\\/#primaryimage\"},\"thumbnailUrl\":\"https:\\\/\\\/efficiencymb.ca\\\/wp-content\\\/uploads\\\/GettyImages-1435661969-scaled-e1682093494377.jpg\",\"keywords\":[\"ACCUEIL\",\"EFFICACIT\u00c9 \u00c9NERG\u00c9TIQUE\",\"JOUR DE LA TERRE\",\"MANITOBA\"],\"articleSection\":[\"PROGRAMMES\"],\"inLanguage\":\"fr-FR\"},{\"@type\":\"WebPage\",\"@id\":\"https:\\\/\\\/efficiencymb.ca\\\/fr\\\/articles\\\/jour-de-la-terre-creer-un-avenir-durable\\\/\",\"url\":\"https:\\\/\\\/efficiencymb.ca\\\/fr\\\/articles\\\/jour-de-la-terre-creer-un-avenir-durable\\\/\",\"name\":\"JOUR DE LA TERRE\u00a0: CR\u00c9ER UN AVENIR DURABLE &#8212; Efficiency Manitoba\",\"isPartOf\":{\"@id\":\"https:\\\/\\\/efficiencymb.ca\\\/#website\"},\"primaryImageOfPage\":{\"@id\":\"https:\\\/\\\/efficiencymb.ca\\\/fr\\\/articles\\\/jour-de-la-terre-creer-un-avenir-durable\\\/#primaryimage\"},\"image\":{\"@id\":\"https:\\\/\\\/efficiencymb.ca\\\/fr\\\/articles\\\/jour-de-la-terre-creer-un-avenir-durable\\\/#primaryimage\"},\"thumbnailUrl\":\"https:\\\/\\\/efficiencymb.ca\\\/wp-content\\\/uploads\\\/GettyImages-1435661969-scaled-e1682093494377.jpg\",\"datePublished\":\"2023-07-18T15:52:21+00:00\",\"dateModified\":\"2025-11-17T20:46:11+00:00\",\"breadcrumb\":{\"@id\":\"https:\\\/\\\/efficiencymb.ca\\\/fr\\\/articles\\\/jour-de-la-terre-creer-un-avenir-durable\\\/#breadcrumb\"},\"inLanguage\":\"fr-FR\",\"potentialAction\":[{\"@type\":\"ReadAction\",\"target\":[\"https:\\\/\\\/efficiencymb.ca\\\/fr\\\/articles\\\/jour-de-la-terre-creer-un-avenir-durable\\\/\"]}]},{\"@type\":\"ImageObject\",\"inLanguage\":\"fr-FR\",\"@id\":\"https:\\\/\\\/efficiencymb.ca\\\/fr\\\/articles\\\/jour-de-la-terre-creer-un-avenir-durable\\\/#primaryimage\",\"url\":\"https:\\\/\\\/efficiencymb.ca\\\/wp-content\\\/uploads\\\/GettyImages-1435661969-scaled-e1682093494377.jpg\",\"contentUrl\":\"https:\\\/\\\/efficiencymb.ca\\\/wp-content\\\/uploads\\\/GettyImages-1435661969-scaled-e1682093494377.jpg\",\"width\":2400,\"height\":1350,\"caption\":\"Close-up of children holding a planet at the beach\"},{\"@type\":\"BreadcrumbList\",\"@id\":\"https:\\\/\\\/efficiencymb.ca\\\/fr\\\/articles\\\/jour-de-la-terre-creer-un-avenir-durable\\\/#breadcrumb\",\"itemListElement\":[{\"@type\":\"ListItem\",\"position\":1,\"name\":\"Home\",\"item\":\"https:\\\/\\\/efficiencymb.ca\\\/fr\\\/\"},{\"@type\":\"ListItem\",\"position\":2,\"name\":\"JOUR DE LA TERRE\u00a0: CR\u00c9ER UN AVENIR DURABLE\"}]},{\"@type\":\"WebSite\",\"@id\":\"https:\\\/\\\/efficiencymb.ca\\\/#website\",\"url\":\"https:\\\/\\\/efficiencymb.ca\\\/\",\"name\":\"Efficiency Manitoba\",\"description\":\"\",\"publisher\":{\"@id\":\"https:\\\/\\\/efficiencymb.ca\\\/#organization\"},\"potentialAction\":[{\"@type\":\"SearchAction\",\"target\":{\"@type\":\"EntryPoint\",\"urlTemplate\":\"https:\\\/\\\/efficiencymb.ca\\\/?s={search_term_string}\"},\"query-input\":{\"@type\":\"PropertyValueSpecification\",\"valueRequired\":true,\"valueName\":\"search_term_string\"}}],\"inLanguage\":\"fr-FR\"},{\"@type\":\"Organization\",\"@id\":\"https:\\\/\\\/efficiencymb.ca\\\/#organization\",\"name\":\"Efficiency Manitoba\",\"url\":\"https:\\\/\\\/efficiencymb.ca\\\/\",\"logo\":{\"@type\":\"ImageObject\",\"inLanguage\":\"fr-FR\",\"@id\":\"https:\\\/\\\/efficiencymb.ca\\\/#\\\/schema\\\/logo\\\/image\\\/\",\"url\":\"https:\\\/\\\/efficiencymb.ca\\\/wp-content\\\/uploads\\\/em-logo-white-en.png\",\"contentUrl\":\"https:\\\/\\\/efficiencymb.ca\\\/wp-content\\\/uploads\\\/em-logo-white-en.png\",\"width\":388,\"height\":91,\"caption\":\"Efficiency Manitoba\"},\"image\":{\"@id\":\"https:\\\/\\\/efficiencymb.ca\\\/#\\\/schema\\\/logo\\\/image\\\/\"}},{\"@type\":\"Person\",\"@id\":\"https:\\\/\\\/efficiencymb.ca\\\/#\\\/schema\\\/person\\\/fdf1983d73e7739e259ace40235518b2\",\"name\":\"Jeremy Choy\",\"image\":{\"@type\":\"ImageObject\",\"inLanguage\":\"fr-FR\",\"@id\":\"https:\\\/\\\/secure.gravatar.com\\\/avatar\\\/c458d696191c296264d75db90dd76bf72f42b528fd6241713dd8dbd532ec1b7a?s=96&d=mm&r=g\",\"url\":\"https:\\\/\\\/secure.gravatar.com\\\/avatar\\\/c458d696191c296264d75db90dd76bf72f42b528fd6241713dd8dbd532ec1b7a?s=96&d=mm&r=g\",\"contentUrl\":\"https:\\\/\\\/secure.gravatar.com\\\/avatar\\\/c458d696191c296264d75db90dd76bf72f42b528fd6241713dd8dbd532ec1b7a?s=96&d=mm&r=g\",\"caption\":\"Jeremy Choy\"},\"sameAs\":[\"http:\\\/\\\/efficiencyMB.ca\"]}]}<\/script>\n<!-- \/ Yoast SEO plugin. -->","yoast_head_json":{"title":"JOUR DE LA TERRE\u00a0: CR\u00c9ER UN AVENIR DURABLE &#8212; Efficiency Manitoba","robots":{"index":"index","follow":"follow","max-snippet":"max-snippet:-1","max-image-preview":"max-image-preview:large","max-video-preview":"max-video-preview:-1"},"canonical":"https:\/\/efficiencymb.ca\/fr\/articles\/jour-de-la-terre-creer-un-avenir-durable\/","og_locale":"fr_FR","og_type":"article","og_title":"JOUR DE LA TERRE\u00a0: CR\u00c9ER UN AVENIR DURABLE &#8212; Efficiency Manitoba","og_description":"COMPRENDRE L\u2019EFFICACIT\u00c9 \u00c9NERG\u00c9TIQUE ET LA FA\u00c7ON DONT VOTRE MAISON UTILISE L\u2019\u00c9NERGIE Le Jour de la Terre est une journ\u00e9e qui vise \u00e0 encourager les particuliers, les entreprises et les gouvernements \u00e0 agir pour pr\u00e9server l\u2019environnement dans lequel nous vivons. Il est plus important que jamais de reconna\u00eetre notre impact sur la plan\u00e8te et de commencercontinue-reading","og_url":"https:\/\/efficiencymb.ca\/fr\/articles\/jour-de-la-terre-creer-un-avenir-durable\/","og_site_name":"Efficiency Manitoba","article_published_time":"2023-07-18T15:52:21+00:00","article_modified_time":"2025-11-17T20:46:11+00:00","og_image":[{"width":2400,"height":1350,"url":"https:\/\/efficiencymb.ca\/wp-content\/uploads\/GettyImages-1435661969-scaled-e1682093494377.jpg","type":"image\/jpeg"}],"author":"Jeremy Choy","twitter_card":"summary_large_image","twitter_misc":{"\u00c9crit par":"Jeremy Choy","Dur\u00e9e de lecture estim\u00e9e":"5 minutes"},"schema":{"@context":"https:\/\/schema.org","@graph":[{"@type":"Article","@id":"https:\/\/efficiencymb.ca\/fr\/articles\/jour-de-la-terre-creer-un-avenir-durable\/#article","isPartOf":{"@id":"https:\/\/efficiencymb.ca\/fr\/articles\/jour-de-la-terre-creer-un-avenir-durable\/"},"author":{"name":"Jeremy Choy","@id":"https:\/\/efficiencymb.ca\/#\/schema\/person\/fdf1983d73e7739e259ace40235518b2"},"headline":"JOUR DE LA TERRE\u00a0: CR\u00c9ER UN AVENIR DURABLE","datePublished":"2023-07-18T15:52:21+00:00","dateModified":"2025-11-17T20:46:11+00:00","mainEntityOfPage":{"@id":"https:\/\/efficiencymb.ca\/fr\/articles\/jour-de-la-terre-creer-un-avenir-durable\/"},"wordCount":1207,"publisher":{"@id":"https:\/\/efficiencymb.ca\/#organization"},"image":{"@id":"https:\/\/efficiencymb.ca\/fr\/articles\/jour-de-la-terre-creer-un-avenir-durable\/#primaryimage"},"thumbnailUrl":"https:\/\/efficiencymb.ca\/wp-content\/uploads\/GettyImages-1435661969-scaled-e1682093494377.jpg","keywords":["ACCUEIL","EFFICACIT\u00c9 \u00c9NERG\u00c9TIQUE","JOUR DE LA TERRE","MANITOBA"],"articleSection":["PROGRAMMES"],"inLanguage":"fr-FR"},{"@type":"WebPage","@id":"https:\/\/efficiencymb.ca\/fr\/articles\/jour-de-la-terre-creer-un-avenir-durable\/","url":"https:\/\/efficiencymb.ca\/fr\/articles\/jour-de-la-terre-creer-un-avenir-durable\/","name":"JOUR DE LA TERRE\u00a0: CR\u00c9ER UN AVENIR DURABLE &#8212; Efficiency Manitoba","isPartOf":{"@id":"https:\/\/efficiencymb.ca\/#website"},"primaryImageOfPage":{"@id":"https:\/\/efficiencymb.ca\/fr\/articles\/jour-de-la-terre-creer-un-avenir-durable\/#primaryimage"},"image":{"@id":"https:\/\/efficiencymb.ca\/fr\/articles\/jour-de-la-terre-creer-un-avenir-durable\/#primaryimage"},"thumbnailUrl":"https:\/\/efficiencymb.ca\/wp-content\/uploads\/GettyImages-1435661969-scaled-e1682093494377.jpg","datePublished":"2023-07-18T15:52:21+00:00","dateModified":"2025-11-17T20:46:11+00:00","breadcrumb":{"@id":"https:\/\/efficiencymb.ca\/fr\/articles\/jour-de-la-terre-creer-un-avenir-durable\/#breadcrumb"},"inLanguage":"fr-FR","potentialAction":[{"@type":"ReadAction","target":["https:\/\/efficiencymb.ca\/fr\/articles\/jour-de-la-terre-creer-un-avenir-durable\/"]}]},{"@type":"ImageObject","inLanguage":"fr-FR","@id":"https:\/\/efficiencymb.ca\/fr\/articles\/jour-de-la-terre-creer-un-avenir-durable\/#primaryimage","url":"https:\/\/efficiencymb.ca\/wp-content\/uploads\/GettyImages-1435661969-scaled-e1682093494377.jpg","contentUrl":"https:\/\/efficiencymb.ca\/wp-content\/uploads\/GettyImages-1435661969-scaled-e1682093494377.jpg","width":2400,"height":1350,"caption":"Close-up of children holding a planet at the beach"},{"@type":"BreadcrumbList","@id":"https:\/\/efficiencymb.ca\/fr\/articles\/jour-de-la-terre-creer-un-avenir-durable\/#breadcrumb","itemListElement":[{"@type":"ListItem","position":1,"name":"Home","item":"https:\/\/efficiencymb.ca\/fr\/"},{"@type":"ListItem","position":2,"name":"JOUR DE LA TERRE\u00a0: CR\u00c9ER UN AVENIR DURABLE"}]},{"@type":"WebSite","@id":"https:\/\/efficiencymb.ca\/#website","url":"https:\/\/efficiencymb.ca\/","name":"Efficiency Manitoba","description":"","publisher":{"@id":"https:\/\/efficiencymb.ca\/#organization"},"potentialAction":[{"@type":"SearchAction","target":{"@type":"EntryPoint","urlTemplate":"https:\/\/efficiencymb.ca\/?s={search_term_string}"},"query-input":{"@type":"PropertyValueSpecification","valueRequired":true,"valueName":"search_term_string"}}],"inLanguage":"fr-FR"},{"@type":"Organization","@id":"https:\/\/efficiencymb.ca\/#organization","name":"Efficiency Manitoba","url":"https:\/\/efficiencymb.ca\/","logo":{"@type":"ImageObject","inLanguage":"fr-FR","@id":"https:\/\/efficiencymb.ca\/#\/schema\/logo\/image\/","url":"https:\/\/efficiencymb.ca\/wp-content\/uploads\/em-logo-white-en.png","contentUrl":"https:\/\/efficiencymb.ca\/wp-content\/uploads\/em-logo-white-en.png","width":388,"height":91,"caption":"Efficiency Manitoba"},"image":{"@id":"https:\/\/efficiencymb.ca\/#\/schema\/logo\/image\/"}},{"@type":"Person","@id":"https:\/\/efficiencymb.ca\/#\/schema\/person\/fdf1983d73e7739e259ace40235518b2","name":"Jeremy Choy","image":{"@type":"ImageObject","inLanguage":"fr-FR","@id":"https:\/\/secure.gravatar.com\/avatar\/c458d696191c296264d75db90dd76bf72f42b528fd6241713dd8dbd532ec1b7a?s=96&d=mm&r=g","url":"https:\/\/secure.gravatar.com\/avatar\/c458d696191c296264d75db90dd76bf72f42b528fd6241713dd8dbd532ec1b7a?s=96&d=mm&r=g","contentUrl":"https:\/\/secure.gravatar.com\/avatar\/c458d696191c296264d75db90dd76bf72f42b528fd6241713dd8dbd532ec1b7a?s=96&d=mm&r=g","caption":"Jeremy Choy"},"sameAs":["http:\/\/efficiencyMB.ca"]}]}},"_links":{"self":[{"href":"https:\/\/efficiencymb.ca\/fr\/wp-json\/wp\/v2\/posts\/55100","targetHints":{"allow":["GET"]}}],"collection":[{"href":"https:\/\/efficiencymb.ca\/fr\/wp-json\/wp\/v2\/posts"}],"about":[{"href":"https:\/\/efficiencymb.ca\/fr\/wp-json\/wp\/v2\/types\/post"}],"author":[{"embeddable":true,"href":"https:\/\/efficiencymb.ca\/fr\/wp-json\/wp\/v2\/users\/11"}],"replies":[{"embeddable":true,"href":"https:\/\/efficiencymb.ca\/fr\/wp-json\/wp\/v2\/comments?post=55100"}],"version-history":[{"count":5,"href":"https:\/\/efficiencymb.ca\/fr\/wp-json\/wp\/v2\/posts\/55100\/revisions"}],"predecessor-version":[{"id":83298,"href":"https:\/\/efficiencymb.ca\/fr\/wp-json\/wp\/v2\/posts\/55100\/revisions\/83298"}],"wp:featuredmedia":[{"embeddable":true,"href":"https:\/\/efficiencymb.ca\/fr\/wp-json\/wp\/v2\/media\/28031"}],"wp:attachment":[{"href":"https:\/\/efficiencymb.ca\/fr\/wp-json\/wp\/v2\/media?parent=55100"}],"wp:term":[{"taxonomy":"category","embeddable":true,"href":"https:\/\/efficiencymb.ca\/fr\/wp-json\/wp\/v2\/categories?post=55100"},{"taxonomy":"post_tag","embeddable":true,"href":"https:\/\/efficiencymb.ca\/fr\/wp-json\/wp\/v2\/tags?post=55100"}],"curies":[{"name":"wp","href":"https:\/\/api.w.org\/{rel}","templated":true}]}}