{"id":55028,"date":"2023-07-17T15:24:09","date_gmt":"2023-07-17T20:24:09","guid":{"rendered":"https:\/\/efficiencymb.ca\/?p=55028"},"modified":"2025-06-05T09:14:20","modified_gmt":"2025-06-05T14:14:20","slug":"projet-en-vedette-promenade-de-flinty","status":"publish","type":"post","link":"https:\/\/efficiencymb.ca\/fr\/articles\/projet-en-vedette-promenade-de-flinty\/","title":{"rendered":"PROJET EN VEDETTE\u00a0: PROMENADE DE FLINTY"},"content":{"rendered":"\n<h2 class=\"wp-block-heading has-text-align-center is-style-hero-heading\" id=\"how-we-re-supporting-new-energy-efficient-construction\"><strong>\u00c9CONOMIES SPECTACULAIRES GR\u00c2CE \u00c0 NOTRE PROGRAMME D\u2019\u00c9CLAIRAGE POUR ENTREPRISES<\/strong><\/h2>\n\n\n\n<p>Notre <a href=\"https:\/\/efficiencymb.ca\/fr\/business\/programme-d-eclairage-commercial\/\" target=\"_blank\" rel=\"noreferrer noopener\">Programme d\u2019\u00e9clairage pour entreprises<\/a> offre des incitatifs financiers et des conseils d\u2019experts pour vous aider \u00e0 apporter des am\u00e9liorations \u00e9co\u00e9nerg\u00e9tiques au syst\u00e8me d\u2019\u00e9clairage de votre entreprise ou de votre immeuble \u2013 et c\u2019est exactement comme \u00e7a que nous avons aid\u00e9 <a href=\"https:\/\/www.cityofflinflon.ca\/p\/flinty-s-boardwalk\" target=\"_blank\" rel=\"noreferrer noopener\">la promenade de Flinty<\/a> \u00e0 \u00e9conomiser de l\u2019\u00e9nergie et de l\u2019argent! &nbsp;<\/p>\n\n\n\n<p>La promenade de Flinty, g\u00e9r\u00e9e par le Comit\u00e9 de Flinty, s\u2019\u00e9tend sur 2,2&nbsp;kilom\u00e8tres autour des rives idylliques du lac Ross \u00e0 Flin Flon. Au milieu des ann\u00e9es&nbsp;1990, le Comit\u00e9 a \u00e9t\u00e9 charg\u00e9 de mettre en valeur ses attraits et d\u2019en faire un point d\u2019int\u00e9r\u00eat accueillant pour les touristes, en cr\u00e9ant la promenade de Flinty, qui peut \u00eatre appr\u00e9ci\u00e9e toute l\u2019ann\u00e9e.&nbsp;&nbsp;<\/p>\n\n\n\n<h3 class=\"wp-block-heading has-text-align-center is-style-hero-heading-grey\">LE PROJET<\/h3>\n\n\n\n<p>\u00c0 l\u2019automne&nbsp;2010, apr\u00e8s avoir re\u00e7u 29&nbsp;poteaux de Manitoba Hydro, le Comit\u00e9 a pu \u00e9clairer un segment d\u2019un kilom\u00e8tre du sentier \u00e0 l\u2019aide de projecteurs de 250&nbsp;watts. R\u00e9cemment, il cherchait des moyens de r\u00e9duire sa consommation d\u2019\u00e9nergie en am\u00e9liorant l\u2019\u00e9clairage qui longe la promenade. Dans ses recherches, il est tomb\u00e9 sur notre Programme d\u2019\u00e9clairage pour entreprises, et nous \u00e9tions pr\u00eats \u00e0 apporter notre aide!&nbsp;&nbsp;&nbsp;&nbsp;<\/p>\n\n\n\n<div class=\"wp-block-columns is-layout-flex wp-container-core-columns-is-layout-9d6595d7 wp-block-columns-is-layout-flex\">\n<div class=\"wp-block-column is-layout-flow wp-block-column-is-layout-flow\">\n<figure class=\"wp-block-image size-large\"><img decoding=\"async\" src=\"https:\/\/efficiencymb.ca\/wp-content\/uploads\/Flintys-boardwalk-2-01-1024x1024.jpg\" alt=\"\" class=\"wp-image-24201\"\/><\/figure>\n<\/div>\n\n\n\n<div class=\"wp-block-column is-layout-flow wp-block-column-is-layout-flow\">\n<figure class=\"wp-block-image size-large\"><img decoding=\"async\" src=\"https:\/\/efficiencymb.ca\/wp-content\/uploads\/Flintys-boardwalk-1-01-1024x1024.jpg\" alt=\"\" class=\"wp-image-24199\"\/><\/figure>\n<\/div>\n<\/div>\n\n\n\n<div style=\"height:30px\" aria-hidden=\"true\" class=\"wp-block-spacer\"><\/div>\n\n\n\n<h3 class=\"wp-block-heading has-text-align-center is-style-hero-heading-grey\">LES \u00c9CONOMIES<\/h3>\n\n\n\n<div class=\"wp-block-columns is-layout-flex wp-container-core-columns-is-layout-9d6595d7 wp-block-columns-is-layout-flex\">\n<div class=\"wp-block-column is-layout-flow wp-block-column-is-layout-flow\">\n<p>Gr\u00e2ce \u00e0 notre programme, nous avons fourni au Comit\u00e9 de Flinty des incitatifs financiers pour payer une partie des co\u00fbts de l\u2019am\u00e9lioration. L\u2019entrepreneur retenu, Beech&nbsp;Electric, a remplac\u00e9 tous les anciens lampadaires le long de la promenade, qui sont pass\u00e9s de lampes \u00e0 vapeur de sodium \u00e0 haute pression \u00e0 des lumi\u00e8res \u00e0 DEL. Gr\u00e2ce \u00e0 cette am\u00e9lioration, le Comit\u00e9 r\u00e9alisera un total de 52&nbsp;000&nbsp;kWh (kilowattheures) d\u2019\u00e9conomies d\u2019\u00e9lectricit\u00e9 annuelles et \u00e9conomisera 2&nbsp;600&nbsp;$ sur ses factures d\u2019\u00e9nergie chaque ann\u00e9e! Nous avons \u00e9galement \u00e9t\u00e9 en mesure de lui offrir plus de 3&nbsp;800&nbsp;$ en incitatifs, ce qui comprend la prime client de 25&nbsp;% que nous offrons actuellement sur tous les projets d\u2019\u00e9clairage.&nbsp;&nbsp;<\/p>\n<\/div>\n\n\n\n<div class=\"wp-block-column is-layout-flow wp-block-column-is-layout-flow\">\n<figure class=\"wp-block-image size-full\"><img decoding=\"async\" src=\"https:\/\/efficiencymb.ca\/wp-content\/uploads\/Flintys-boardwalk-saving-stats-01-1.jpg\" alt=\"\" class=\"wp-image-24189\"\/><\/figure>\n<\/div>\n<\/div>\n\n\n\n<div style=\"height:30px\" aria-hidden=\"true\" class=\"wp-block-spacer\"><\/div>\n\n\n\n<blockquote class=\"wp-block-quote is-style-plain is-layout-flow wp-block-quote-is-layout-flow\" style=\"font-style:italic;font-weight:300\">\n<p class=\"has-medium-font-size\" style=\"font-style:italic;font-weight:300\"><em>\u00ab<\/em>&nbsp;Le co\u00fbt total du projet a \u00e9t\u00e9 consid\u00e9rablement r\u00e9duit gr\u00e2ce au programme d\u2019Efficacit\u00e9 Manitoba. Les commentaires que nous avons re\u00e7us des randonneurs nocturnes depuis l\u2019installation des nouvelles lumi\u00e8res ont \u00e9t\u00e9 positifs sur toute la ligne, certaines personnes soulignant que les lumi\u00e8res et leurs reflets dans le lac ressemblent \u00e0 une cha\u00eene de perles!&nbsp;\u00bb<\/p>\n<cite>Dave Price<br>Pr\u00e9sident, Comit\u00e9 de Flinty<\/cite><\/blockquote>\n\n\n\n<div style=\"height:50px\" aria-hidden=\"true\" class=\"wp-block-spacer\"><\/div>\n\n\n\n<figure class=\"wp-block-image size-large\"><img decoding=\"async\" src=\"https:\/\/efficiencymb.ca\/wp-content\/uploads\/22Oct19-Bdwlk-lights-at-night-5415-1024x709.jpg\" alt=\"\" class=\"wp-image-24194\"\/><\/figure>\n\n\n\n<div style=\"height:50px\" aria-hidden=\"true\" class=\"wp-block-spacer\"><\/div>\n\n\n\n<h3 class=\"wp-block-heading has-text-align-center is-style-hero-heading-grey\">LE PROCESSUS<\/h3>\n\n\n\n<p>Il est facile de demander des incitatifs avec notre syst\u00e8me de demande en ligne, monEM. Les propri\u00e9taires d\u2019entreprises et d\u2019immeubles peuvent pr\u00e9senter une demande de leur propre chef, ou des fournisseurs ou entrepreneurs d\u2019\u00e9clairage peuvent pr\u00e9senter une demande en leur nom.<\/p>\n\n\n\n<p>Il vous suffit de vous connecter et d\u2019entrer les renseignements sur votre projet, et nous examinons les d\u00e9tails du projet et vous envoyons votre approbation. Une fois que vous avez re\u00e7u notre approbation, vous pouvez commencer votre installation.&nbsp;<\/p>\n\n\n\n<p>Lorsque l\u2019am\u00e9lioration de votre \u00e9clairage est termin\u00e9e, t\u00e9l\u00e9chargez votre facture sur monEM. Nous traiterons votre demande et vous enverrons votre ch\u00e8que!&nbsp;<\/p>\n\n\n\n<h3 class=\"wp-block-heading has-text-align-center is-style-hero-heading-grey\">VOUS \u00caTES PROPRI\u00c9TAIRE D\u2019UN IMMEUBLE?<\/h3>\n\n\n\n<p>Les propri\u00e9taires d\u2019entreprises et d\u2019immeubles ou leurs distributeurs ou entrepreneurs d\u2019\u00e9clairage peuvent demander des incitatifs financiers par le biais du <a href=\"https:\/\/efficiencymb.ca\/fr\/business\/programme-d-eclairage-commercial\/\" target=\"_blank\" rel=\"noreferrer noopener\">Programme d\u2019\u00e9clairage pour entreprises<\/a> sur notre site Web. Consultez notre <a href=\"https:\/\/efficiencymb.ca\/wp-content\/uploads\/Business_Lighting_Program_guide_FNL.pdf\" target=\"_blank\" rel=\"noreferrer noopener\">Guide du programme<\/a> (en anglais seulement) pour conna\u00eetre nos tarifs pr\u00e9f\u00e9rentiels et nos conditions d\u2019admissibilit\u00e9.<\/p>\n\n\n<div class=\"theme-button wp-block-button aligncenter\">\r\n\t<a  class=\"wp-block-button__link has-background no-border-radius button cta button-large\" href=\"https:\/\/efficiencymb.ca\/fr\/business\/programme-d-eclairage-commercial\/\"><strong>EN SAVOIR PLUS SUR NOTRE<\/strong><br>PROGRAMME D\u2019\u00c9CLAIRAGE POUR ENTREPRISES<\/a>\r\n<\/div>\n\n\n<h3 class=\"wp-block-heading has-text-align-center is-style-hero-heading-grey\">\u00caTES-VOUS UN DISTRIBUTEUR OU UN ENTREPRENEUR D\u2019\u00c9CLAIRAGE?<\/h3>\n\n\n\n<p>Nous vous encourageons vivement \u00e0 vous joindre \u00e0 notre r\u00e9seau de fournisseurs. Votre nom sera ajout\u00e9 \u00e0 notre site Web en tant que fournisseur agr\u00e9\u00e9 d\u2019Efficacit\u00e9 Manitoba et vous pourrez offrir nos programmes \u00e0 vos clients. Vous aurez \u00e9galement acc\u00e8s aux possibilit\u00e9s de formation et aux documents offerts par notre \u00e9quipe d\u2019experts et vous pourrez promouvoir nos programmes d\u2019efficacit\u00e9 \u00e9nerg\u00e9tique dans votre publicit\u00e9. Le meilleur dans tout \u00e7a&nbsp;: L\u2019inscription et la participation sont gratuites.&nbsp;&nbsp;<\/p>\n\n\n<div class=\"theme-button wp-block-button aligncenter\">\r\n\t<a  class=\"wp-block-button__link has-background no-border-radius button cta button-large\" href=\"https:\/\/efficiencymb.ca\/fr\/reseau-de-fournisseurs\/\"><strong>JOIGNEZ-VOUS \u00c0 NOTRE<\/strong><br>R\u00c9SEAU DE FOURNISSEURS<\/a>\r\n<\/div>","protected":false},"excerpt":{"rendered":"<p>\u00c9CONOMIES SPECTACULAIRES GR\u00c2CE \u00c0 NOTRE PROGRAMME D\u2019\u00c9CLAIRAGE POUR ENTREPRISES Notre Programme d\u2019\u00e9clairage pour entreprises offre des incitatifs financiers et des conseils d\u2019experts pour vous aider \u00e0 apporter des am\u00e9liorations \u00e9co\u00e9nerg\u00e9tiques au syst\u00e8me d\u2019\u00e9clairage de votre entreprise ou de votre immeuble \u2013 et c\u2019est exactement comme \u00e7a que nous avons aid\u00e9 la promenade de Flinty \u00e0continue-reading<\/p>\n","protected":false},"author":11,"featured_media":28001,"comment_status":"closed","ping_status":"closed","sticky":false,"template":"","format":"standard","meta":{"_acf_changed":false,"footnotes":""},"categories":[232],"tags":[222,292,360,213],"class_list":["post-55028","post","type-post","status-publish","format-standard","has-post-thumbnail","hentry","category-programmes-fr","tag-commercial-fr","tag-declairage-des-entreprises-fr","tag-efficacite-energetique","tag-manitoba-fr"],"acf":[],"yoast_head":"<!-- This site is optimized with the Yoast SEO plugin v27.3 - https:\/\/yoast.com\/product\/yoast-seo-wordpress\/ -->\n<title>PROJET EN VEDETTE\u00a0: PROMENADE DE FLINTY &#8212; Efficiency Manitoba<\/title>\n<meta name=\"robots\" content=\"index, follow, max-snippet:-1, max-image-preview:large, max-video-preview:-1\" \/>\n<link rel=\"canonical\" href=\"https:\/\/efficiencymb.ca\/fr\/articles\/projet-en-vedette-promenade-de-flinty\/\" \/>\n<meta property=\"og:locale\" content=\"fr_FR\" \/>\n<meta property=\"og:type\" content=\"article\" \/>\n<meta property=\"og:title\" content=\"PROJET EN VEDETTE\u00a0: PROMENADE DE FLINTY &#8212; Efficiency Manitoba\" \/>\n<meta property=\"og:description\" content=\"\u00c9CONOMIES SPECTACULAIRES GR\u00c2CE \u00c0 NOTRE PROGRAMME D\u2019\u00c9CLAIRAGE POUR ENTREPRISES Notre Programme d\u2019\u00e9clairage pour entreprises offre des incitatifs financiers et des conseils d\u2019experts pour vous aider \u00e0 apporter des am\u00e9liorations \u00e9co\u00e9nerg\u00e9tiques au syst\u00e8me d\u2019\u00e9clairage de votre entreprise ou de votre immeuble \u2013 et c\u2019est exactement comme \u00e7a que nous avons aid\u00e9 la promenade de Flinty \u00e0continue-reading\" \/>\n<meta property=\"og:url\" content=\"https:\/\/efficiencymb.ca\/fr\/articles\/projet-en-vedette-promenade-de-flinty\/\" \/>\n<meta property=\"og:site_name\" content=\"Efficiency Manitoba\" \/>\n<meta property=\"article:published_time\" content=\"2023-07-17T20:24:09+00:00\" \/>\n<meta property=\"article:modified_time\" content=\"2025-06-05T14:14:20+00:00\" \/>\n<meta property=\"og:image\" content=\"https:\/\/efficiencymb.ca\/wp-content\/uploads\/Flintys-boardwalk-banner-image-01.jpg\" \/>\n\t<meta property=\"og:image:width\" content=\"1200\" \/>\n\t<meta property=\"og:image:height\" content=\"675\" \/>\n\t<meta property=\"og:image:type\" content=\"image\/jpeg\" \/>\n<meta name=\"author\" content=\"Jeremy Choy\" \/>\n<meta name=\"twitter:card\" content=\"summary_large_image\" \/>\n<meta name=\"twitter:label1\" content=\"\u00c9crit par\" \/>\n\t<meta name=\"twitter:data1\" content=\"Jeremy Choy\" \/>\n\t<meta name=\"twitter:label2\" content=\"Dur\u00e9e de lecture estim\u00e9e\" \/>\n\t<meta name=\"twitter:data2\" content=\"4 minutes\" \/>\n<script type=\"application\/ld+json\" class=\"yoast-schema-graph\">{\"@context\":\"https:\\\/\\\/schema.org\",\"@graph\":[{\"@type\":\"Article\",\"@id\":\"https:\\\/\\\/efficiencymb.ca\\\/fr\\\/articles\\\/projet-en-vedette-promenade-de-flinty\\\/#article\",\"isPartOf\":{\"@id\":\"https:\\\/\\\/efficiencymb.ca\\\/fr\\\/articles\\\/projet-en-vedette-promenade-de-flinty\\\/\"},\"author\":{\"name\":\"Jeremy Choy\",\"@id\":\"https:\\\/\\\/efficiencymb.ca\\\/#\\\/schema\\\/person\\\/fdf1983d73e7739e259ace40235518b2\"},\"headline\":\"PROJET EN VEDETTE\u00a0: PROMENADE DE FLINTY\",\"datePublished\":\"2023-07-17T20:24:09+00:00\",\"dateModified\":\"2025-06-05T14:14:20+00:00\",\"mainEntityOfPage\":{\"@id\":\"https:\\\/\\\/efficiencymb.ca\\\/fr\\\/articles\\\/projet-en-vedette-promenade-de-flinty\\\/\"},\"wordCount\":702,\"publisher\":{\"@id\":\"https:\\\/\\\/efficiencymb.ca\\\/#organization\"},\"image\":{\"@id\":\"https:\\\/\\\/efficiencymb.ca\\\/fr\\\/articles\\\/projet-en-vedette-promenade-de-flinty\\\/#primaryimage\"},\"thumbnailUrl\":\"https:\\\/\\\/efficiencymb.ca\\\/wp-content\\\/uploads\\\/Flintys-boardwalk-banner-image-01.jpg\",\"keywords\":[\"COMMERCIAL\",\"\u00c9CLAIRAGE DES ENTREPRISES\",\"EFFICACIT\u00c9 \u00c9NERG\u00c9TIQUE\",\"MANITOBA\"],\"articleSection\":[\"PROGRAMMES\"],\"inLanguage\":\"fr-FR\"},{\"@type\":\"WebPage\",\"@id\":\"https:\\\/\\\/efficiencymb.ca\\\/fr\\\/articles\\\/projet-en-vedette-promenade-de-flinty\\\/\",\"url\":\"https:\\\/\\\/efficiencymb.ca\\\/fr\\\/articles\\\/projet-en-vedette-promenade-de-flinty\\\/\",\"name\":\"PROJET EN VEDETTE\u00a0: PROMENADE DE FLINTY &#8212; Efficiency Manitoba\",\"isPartOf\":{\"@id\":\"https:\\\/\\\/efficiencymb.ca\\\/#website\"},\"primaryImageOfPage\":{\"@id\":\"https:\\\/\\\/efficiencymb.ca\\\/fr\\\/articles\\\/projet-en-vedette-promenade-de-flinty\\\/#primaryimage\"},\"image\":{\"@id\":\"https:\\\/\\\/efficiencymb.ca\\\/fr\\\/articles\\\/projet-en-vedette-promenade-de-flinty\\\/#primaryimage\"},\"thumbnailUrl\":\"https:\\\/\\\/efficiencymb.ca\\\/wp-content\\\/uploads\\\/Flintys-boardwalk-banner-image-01.jpg\",\"datePublished\":\"2023-07-17T20:24:09+00:00\",\"dateModified\":\"2025-06-05T14:14:20+00:00\",\"breadcrumb\":{\"@id\":\"https:\\\/\\\/efficiencymb.ca\\\/fr\\\/articles\\\/projet-en-vedette-promenade-de-flinty\\\/#breadcrumb\"},\"inLanguage\":\"fr-FR\",\"potentialAction\":[{\"@type\":\"ReadAction\",\"target\":[\"https:\\\/\\\/efficiencymb.ca\\\/fr\\\/articles\\\/projet-en-vedette-promenade-de-flinty\\\/\"]}]},{\"@type\":\"ImageObject\",\"inLanguage\":\"fr-FR\",\"@id\":\"https:\\\/\\\/efficiencymb.ca\\\/fr\\\/articles\\\/projet-en-vedette-promenade-de-flinty\\\/#primaryimage\",\"url\":\"https:\\\/\\\/efficiencymb.ca\\\/wp-content\\\/uploads\\\/Flintys-boardwalk-banner-image-01.jpg\",\"contentUrl\":\"https:\\\/\\\/efficiencymb.ca\\\/wp-content\\\/uploads\\\/Flintys-boardwalk-banner-image-01.jpg\",\"width\":1200,\"height\":675},{\"@type\":\"BreadcrumbList\",\"@id\":\"https:\\\/\\\/efficiencymb.ca\\\/fr\\\/articles\\\/projet-en-vedette-promenade-de-flinty\\\/#breadcrumb\",\"itemListElement\":[{\"@type\":\"ListItem\",\"position\":1,\"name\":\"Home\",\"item\":\"https:\\\/\\\/efficiencymb.ca\\\/fr\\\/\"},{\"@type\":\"ListItem\",\"position\":2,\"name\":\"PROJET EN VEDETTE\u00a0: PROMENADE DE FLINTY\"}]},{\"@type\":\"WebSite\",\"@id\":\"https:\\\/\\\/efficiencymb.ca\\\/#website\",\"url\":\"https:\\\/\\\/efficiencymb.ca\\\/\",\"name\":\"Efficiency Manitoba\",\"description\":\"\",\"publisher\":{\"@id\":\"https:\\\/\\\/efficiencymb.ca\\\/#organization\"},\"potentialAction\":[{\"@type\":\"SearchAction\",\"target\":{\"@type\":\"EntryPoint\",\"urlTemplate\":\"https:\\\/\\\/efficiencymb.ca\\\/?s={search_term_string}\"},\"query-input\":{\"@type\":\"PropertyValueSpecification\",\"valueRequired\":true,\"valueName\":\"search_term_string\"}}],\"inLanguage\":\"fr-FR\"},{\"@type\":\"Organization\",\"@id\":\"https:\\\/\\\/efficiencymb.ca\\\/#organization\",\"name\":\"Efficiency Manitoba\",\"url\":\"https:\\\/\\\/efficiencymb.ca\\\/\",\"logo\":{\"@type\":\"ImageObject\",\"inLanguage\":\"fr-FR\",\"@id\":\"https:\\\/\\\/efficiencymb.ca\\\/#\\\/schema\\\/logo\\\/image\\\/\",\"url\":\"https:\\\/\\\/efficiencymb.ca\\\/wp-content\\\/uploads\\\/em-logo-white-en.png\",\"contentUrl\":\"https:\\\/\\\/efficiencymb.ca\\\/wp-content\\\/uploads\\\/em-logo-white-en.png\",\"width\":388,\"height\":91,\"caption\":\"Efficiency Manitoba\"},\"image\":{\"@id\":\"https:\\\/\\\/efficiencymb.ca\\\/#\\\/schema\\\/logo\\\/image\\\/\"}},{\"@type\":\"Person\",\"@id\":\"https:\\\/\\\/efficiencymb.ca\\\/#\\\/schema\\\/person\\\/fdf1983d73e7739e259ace40235518b2\",\"name\":\"Jeremy Choy\",\"image\":{\"@type\":\"ImageObject\",\"inLanguage\":\"fr-FR\",\"@id\":\"https:\\\/\\\/secure.gravatar.com\\\/avatar\\\/c458d696191c296264d75db90dd76bf72f42b528fd6241713dd8dbd532ec1b7a?s=96&d=mm&r=g\",\"url\":\"https:\\\/\\\/secure.gravatar.com\\\/avatar\\\/c458d696191c296264d75db90dd76bf72f42b528fd6241713dd8dbd532ec1b7a?s=96&d=mm&r=g\",\"contentUrl\":\"https:\\\/\\\/secure.gravatar.com\\\/avatar\\\/c458d696191c296264d75db90dd76bf72f42b528fd6241713dd8dbd532ec1b7a?s=96&d=mm&r=g\",\"caption\":\"Jeremy Choy\"},\"sameAs\":[\"http:\\\/\\\/efficiencyMB.ca\"]}]}<\/script>\n<!-- \/ Yoast SEO plugin. -->","yoast_head_json":{"title":"PROJET EN VEDETTE\u00a0: PROMENADE DE FLINTY &#8212; Efficiency Manitoba","robots":{"index":"index","follow":"follow","max-snippet":"max-snippet:-1","max-image-preview":"max-image-preview:large","max-video-preview":"max-video-preview:-1"},"canonical":"https:\/\/efficiencymb.ca\/fr\/articles\/projet-en-vedette-promenade-de-flinty\/","og_locale":"fr_FR","og_type":"article","og_title":"PROJET EN VEDETTE\u00a0: PROMENADE DE FLINTY &#8212; Efficiency Manitoba","og_description":"\u00c9CONOMIES SPECTACULAIRES GR\u00c2CE \u00c0 NOTRE PROGRAMME D\u2019\u00c9CLAIRAGE POUR ENTREPRISES Notre Programme d\u2019\u00e9clairage pour entreprises offre des incitatifs financiers et des conseils d\u2019experts pour vous aider \u00e0 apporter des am\u00e9liorations \u00e9co\u00e9nerg\u00e9tiques au syst\u00e8me d\u2019\u00e9clairage de votre entreprise ou de votre immeuble \u2013 et c\u2019est exactement comme \u00e7a que nous avons aid\u00e9 la promenade de Flinty \u00e0continue-reading","og_url":"https:\/\/efficiencymb.ca\/fr\/articles\/projet-en-vedette-promenade-de-flinty\/","og_site_name":"Efficiency Manitoba","article_published_time":"2023-07-17T20:24:09+00:00","article_modified_time":"2025-06-05T14:14:20+00:00","og_image":[{"width":1200,"height":675,"url":"https:\/\/efficiencymb.ca\/wp-content\/uploads\/Flintys-boardwalk-banner-image-01.jpg","type":"image\/jpeg"}],"author":"Jeremy Choy","twitter_card":"summary_large_image","twitter_misc":{"\u00c9crit par":"Jeremy Choy","Dur\u00e9e de lecture estim\u00e9e":"4 minutes"},"schema":{"@context":"https:\/\/schema.org","@graph":[{"@type":"Article","@id":"https:\/\/efficiencymb.ca\/fr\/articles\/projet-en-vedette-promenade-de-flinty\/#article","isPartOf":{"@id":"https:\/\/efficiencymb.ca\/fr\/articles\/projet-en-vedette-promenade-de-flinty\/"},"author":{"name":"Jeremy Choy","@id":"https:\/\/efficiencymb.ca\/#\/schema\/person\/fdf1983d73e7739e259ace40235518b2"},"headline":"PROJET EN VEDETTE\u00a0: PROMENADE DE FLINTY","datePublished":"2023-07-17T20:24:09+00:00","dateModified":"2025-06-05T14:14:20+00:00","mainEntityOfPage":{"@id":"https:\/\/efficiencymb.ca\/fr\/articles\/projet-en-vedette-promenade-de-flinty\/"},"wordCount":702,"publisher":{"@id":"https:\/\/efficiencymb.ca\/#organization"},"image":{"@id":"https:\/\/efficiencymb.ca\/fr\/articles\/projet-en-vedette-promenade-de-flinty\/#primaryimage"},"thumbnailUrl":"https:\/\/efficiencymb.ca\/wp-content\/uploads\/Flintys-boardwalk-banner-image-01.jpg","keywords":["COMMERCIAL","\u00c9CLAIRAGE DES ENTREPRISES","EFFICACIT\u00c9 \u00c9NERG\u00c9TIQUE","MANITOBA"],"articleSection":["PROGRAMMES"],"inLanguage":"fr-FR"},{"@type":"WebPage","@id":"https:\/\/efficiencymb.ca\/fr\/articles\/projet-en-vedette-promenade-de-flinty\/","url":"https:\/\/efficiencymb.ca\/fr\/articles\/projet-en-vedette-promenade-de-flinty\/","name":"PROJET EN VEDETTE\u00a0: PROMENADE DE FLINTY &#8212; Efficiency Manitoba","isPartOf":{"@id":"https:\/\/efficiencymb.ca\/#website"},"primaryImageOfPage":{"@id":"https:\/\/efficiencymb.ca\/fr\/articles\/projet-en-vedette-promenade-de-flinty\/#primaryimage"},"image":{"@id":"https:\/\/efficiencymb.ca\/fr\/articles\/projet-en-vedette-promenade-de-flinty\/#primaryimage"},"thumbnailUrl":"https:\/\/efficiencymb.ca\/wp-content\/uploads\/Flintys-boardwalk-banner-image-01.jpg","datePublished":"2023-07-17T20:24:09+00:00","dateModified":"2025-06-05T14:14:20+00:00","breadcrumb":{"@id":"https:\/\/efficiencymb.ca\/fr\/articles\/projet-en-vedette-promenade-de-flinty\/#breadcrumb"},"inLanguage":"fr-FR","potentialAction":[{"@type":"ReadAction","target":["https:\/\/efficiencymb.ca\/fr\/articles\/projet-en-vedette-promenade-de-flinty\/"]}]},{"@type":"ImageObject","inLanguage":"fr-FR","@id":"https:\/\/efficiencymb.ca\/fr\/articles\/projet-en-vedette-promenade-de-flinty\/#primaryimage","url":"https:\/\/efficiencymb.ca\/wp-content\/uploads\/Flintys-boardwalk-banner-image-01.jpg","contentUrl":"https:\/\/efficiencymb.ca\/wp-content\/uploads\/Flintys-boardwalk-banner-image-01.jpg","width":1200,"height":675},{"@type":"BreadcrumbList","@id":"https:\/\/efficiencymb.ca\/fr\/articles\/projet-en-vedette-promenade-de-flinty\/#breadcrumb","itemListElement":[{"@type":"ListItem","position":1,"name":"Home","item":"https:\/\/efficiencymb.ca\/fr\/"},{"@type":"ListItem","position":2,"name":"PROJET EN VEDETTE\u00a0: PROMENADE DE FLINTY"}]},{"@type":"WebSite","@id":"https:\/\/efficiencymb.ca\/#website","url":"https:\/\/efficiencymb.ca\/","name":"Efficiency Manitoba","description":"","publisher":{"@id":"https:\/\/efficiencymb.ca\/#organization"},"potentialAction":[{"@type":"SearchAction","target":{"@type":"EntryPoint","urlTemplate":"https:\/\/efficiencymb.ca\/?s={search_term_string}"},"query-input":{"@type":"PropertyValueSpecification","valueRequired":true,"valueName":"search_term_string"}}],"inLanguage":"fr-FR"},{"@type":"Organization","@id":"https:\/\/efficiencymb.ca\/#organization","name":"Efficiency Manitoba","url":"https:\/\/efficiencymb.ca\/","logo":{"@type":"ImageObject","inLanguage":"fr-FR","@id":"https:\/\/efficiencymb.ca\/#\/schema\/logo\/image\/","url":"https:\/\/efficiencymb.ca\/wp-content\/uploads\/em-logo-white-en.png","contentUrl":"https:\/\/efficiencymb.ca\/wp-content\/uploads\/em-logo-white-en.png","width":388,"height":91,"caption":"Efficiency Manitoba"},"image":{"@id":"https:\/\/efficiencymb.ca\/#\/schema\/logo\/image\/"}},{"@type":"Person","@id":"https:\/\/efficiencymb.ca\/#\/schema\/person\/fdf1983d73e7739e259ace40235518b2","name":"Jeremy Choy","image":{"@type":"ImageObject","inLanguage":"fr-FR","@id":"https:\/\/secure.gravatar.com\/avatar\/c458d696191c296264d75db90dd76bf72f42b528fd6241713dd8dbd532ec1b7a?s=96&d=mm&r=g","url":"https:\/\/secure.gravatar.com\/avatar\/c458d696191c296264d75db90dd76bf72f42b528fd6241713dd8dbd532ec1b7a?s=96&d=mm&r=g","contentUrl":"https:\/\/secure.gravatar.com\/avatar\/c458d696191c296264d75db90dd76bf72f42b528fd6241713dd8dbd532ec1b7a?s=96&d=mm&r=g","caption":"Jeremy Choy"},"sameAs":["http:\/\/efficiencyMB.ca"]}]}},"_links":{"self":[{"href":"https:\/\/efficiencymb.ca\/fr\/wp-json\/wp\/v2\/posts\/55028","targetHints":{"allow":["GET"]}}],"collection":[{"href":"https:\/\/efficiencymb.ca\/fr\/wp-json\/wp\/v2\/posts"}],"about":[{"href":"https:\/\/efficiencymb.ca\/fr\/wp-json\/wp\/v2\/types\/post"}],"author":[{"embeddable":true,"href":"https:\/\/efficiencymb.ca\/fr\/wp-json\/wp\/v2\/users\/11"}],"replies":[{"embeddable":true,"href":"https:\/\/efficiencymb.ca\/fr\/wp-json\/wp\/v2\/comments?post=55028"}],"version-history":[{"count":5,"href":"https:\/\/efficiencymb.ca\/fr\/wp-json\/wp\/v2\/posts\/55028\/revisions"}],"predecessor-version":[{"id":77053,"href":"https:\/\/efficiencymb.ca\/fr\/wp-json\/wp\/v2\/posts\/55028\/revisions\/77053"}],"wp:featuredmedia":[{"embeddable":true,"href":"https:\/\/efficiencymb.ca\/fr\/wp-json\/wp\/v2\/media\/28001"}],"wp:attachment":[{"href":"https:\/\/efficiencymb.ca\/fr\/wp-json\/wp\/v2\/media?parent=55028"}],"wp:term":[{"taxonomy":"category","embeddable":true,"href":"https:\/\/efficiencymb.ca\/fr\/wp-json\/wp\/v2\/categories?post=55028"},{"taxonomy":"post_tag","embeddable":true,"href":"https:\/\/efficiencymb.ca\/fr\/wp-json\/wp\/v2\/tags?post=55028"}],"curies":[{"name":"wp","href":"https:\/\/api.w.org\/{rel}","templated":true}]}}