{"id":24272,"date":"2022-04-21T15:15:18","date_gmt":"2022-04-21T20:15:18","guid":{"rendered":"https:\/\/efficiencymb.ca\/?p=24272"},"modified":"2023-06-12T11:56:56","modified_gmt":"2023-06-12T16:56:56","slug":"sengager-pour-des-collectivites-plus-durables-efficacite-manitoba-annonce-le-financement-et-le-soutien-pour-de-nouveaux-specialistes-en-efficacite-energetique-communautaire","status":"publish","type":"post","link":"https:\/\/efficiencymb.ca\/fr\/articles\/sengager-pour-des-collectivites-plus-durables-efficacite-manitoba-annonce-le-financement-et-le-soutien-pour-de-nouveaux-specialistes-en-efficacite-energetique-communautaire\/","title":{"rendered":"S\u2019engager pour des collectivit\u00e9s plus durables\u00a0: Efficacit\u00e9 Manitoba annonce le financement et le soutien pour de nouveaux sp\u00e9cialistes en efficacit\u00e9 \u00e9nerg\u00e9tique communautaire"},"content":{"rendered":"\n<div style=\"height:33px\" aria-hidden=\"true\" class=\"wp-block-spacer\"><\/div>\n\n\n\n<p>Le Programme d\u2019efficacit\u00e9 \u00e9nerg\u00e9tique communautaire d\u2019Efficacit\u00e9 Manitoba fournira un financement et un soutien sur une p\u00e9riode de deux ans pour permettre \u00e0 quatre municipalit\u00e9s du Manitoba d\u2019embaucher et de former un sp\u00e9cialiste en efficacit\u00e9 \u00e9nerg\u00e9tique. Ces sp\u00e9cialistes en efficacit\u00e9 \u00e9nerg\u00e9tique cr\u00e9eront des plans pour aider leur collectivit\u00e9 \u00e0 r\u00e9duire leur consommation d\u2019\u00e9nergie et leurs factures en participant aux programmes d\u2019Efficacit\u00e9 Manitoba.<\/p>\n\n\n\n<p>Les municipalit\u00e9s suivantes recevront un soutien dans le cadre du Programme d\u2019efficacit\u00e9 \u00e9nerg\u00e9tique communautaire d\u2019Efficacit\u00e9 Manitoba&nbsp;:<\/p>\n\n\n\n<ul class=\"wp-block-list\">\n<li>Municipalit\u00e9 de Hamiota<\/li>\n\n\n\n<li>Village de St-Pierre-Jolys<\/li>\n\n\n\n<li>Municipalit\u00e9 de De Salaberry<\/li>\n\n\n\n<li>Municipalit\u00e9 de Lorne (Notre-Dame-de-Lourdes)<\/li>\n<\/ul>\n\n\n\n<p>\u00ab\u2009Les sp\u00e9cialistes en efficacit\u00e9 \u00e9nerg\u00e9tique favorisent une culture de conservation et de durabilit\u00e9 gr\u00e2ce \u00e0 l\u2019efficacit\u00e9 \u00e9nerg\u00e9tique dans leur collectivit\u00e9\u2009\u00bb, a d\u00e9clar\u00e9 Jeff Wharton, ministre de l\u2019Environnement, du Climat et des Parcs et ministre responsable d\u2019Efficacit\u00e9 Manitoba. \u00ab\u2009Le Programme d\u2019efficacit\u00e9 \u00e9nerg\u00e9tique communautaire d\u2019Efficacit\u00e9 Manitoba favorise manifestement le d\u00e9veloppement \u00e9conomique local. Les sp\u00e9cialistes travaillent en \u00e9troite collaboration avec les entreprises locales, les r\u00e9sidentes et les r\u00e9sidents ainsi que les administrations municipales pour les aider \u00e0 r\u00e9duire leur consommation d\u2019\u00e9nergie et les factures connexes, \u00e0 diminuer les \u00e9missions de gaz \u00e0 effet de serre et \u00e0 cr\u00e9er des espaces plus sains et plus efficaces o\u00f9 les Manitobains et Manitobaines peuvent vivre, travailler et se divertir.\u2009\u00bb<\/p>\n\n\n\n<p>En plus de soutenir le travail du sp\u00e9cialiste en efficacit\u00e9 \u00e9nerg\u00e9tique, Efficacit\u00e9 Manitoba offrira des remises et une expertise technique pour appuyer ses efforts.<\/p>\n\n\n\n<p>\u00ab\u2009Nous sommes heureux de fournir du financement aux municipalit\u00e9s pour compenser une partie substantielle du salaire d\u2019un sp\u00e9cialiste en efficacit\u00e9 \u00e9nerg\u00e9tique\u2009\u00bb, a d\u00e9clar\u00e9 Colleen Kuruluk, pr\u00e9sidente-directrice g\u00e9n\u00e9rale d\u2019Efficacit\u00e9 Manitoba. \u00ab\u2009En offrant ce soutien, nous \u00e9liminons certaines contraintes financi\u00e8res auxquelles les collectivit\u00e9s peuvent \u00eatre confront\u00e9es lorsqu\u2019elles tentent de fixer des objectifs d\u2019efficacit\u00e9 \u00e9nerg\u00e9tique et d\u2019\u00e9laborer un plan d\u2019action pour les atteindre. Nous fournissons \u00e9galement au sp\u00e9cialiste une formation, un soutien continu et un acc\u00e8s direct \u00e0 nos remises et programmes, ce qui aide davantage les collectivit\u00e9s \u00e0 atteindre leurs objectifs en mati\u00e8re d\u2019efficacit\u00e9 \u00e9nerg\u00e9tique.\u2009\u00bb<\/p>\n\n\n\n<p>En s\u2019appuyant sur les efforts actuels en mati\u00e8re d\u2019efficacit\u00e9 \u00e9nerg\u00e9tique et de durabilit\u00e9 environnementale, le ou la sp\u00e9cialiste en efficacit\u00e9 \u00e9nerg\u00e9tique de la municipalit\u00e9 de Hamiota servira ses 1\u2009250 r\u00e9sidents et r\u00e9sidentes en les aidant \u00e0 faire des choix d\u2019efficacit\u00e9 \u00e9nerg\u00e9tique et \u00e0 devenir une collectivit\u00e9 plus verte.<\/p>\n\n\n\n<p>\u00ab\u2009Nous sommes ravis de participer \u00e0 ce programme, a d\u00e9clar\u00e9 Larry Oakden, maire de la municipalit\u00e9 de Hamiota. Non seulement ce programme profite \u00e0 nos citoyens, mais il contribue au succ\u00e8s d\u2019Efficacit\u00e9 Manitoba et r\u00e9duit la consommation excessive d\u2019\u00e9nergie.\u2009\u00bb<\/p>\n\n\n\n<p>Eco-Ouest Canada a pr\u00e9sent\u00e9 une demande conjointe pour le village de St-Pierre-Jolys, la municipalit\u00e9 de De Salaberry et la municipalit\u00e9 de Lorne (Notre-Dame-de-Lourdes). En soutenant ces municipalit\u00e9s, Eco-Ouest cernera les possibilit\u00e9s d\u2019efficacit\u00e9 \u00e9nerg\u00e9tique, s\u2019engagera aupr\u00e8s des groupes communautaires ainsi qu\u2019aupr\u00e8s des r\u00e9sidents et r\u00e9sidentes pour promouvoir les efforts de durabilit\u00e9, et aidera \u00e0 coordonner les am\u00e9liorations qui profiteront \u00e0 plus de 5\u2009000 personnes.<\/p>\n\n\n\n<p>\u00ab\u2009Les municipalit\u00e9s influent sur plus de la moiti\u00e9 de la consommation d\u2019\u00e9nergie et des \u00e9missions de gaz \u00e0 effet de serre au Canada et doivent \u00eatre mobilis\u00e9es pour que le Canada et le Manitoba atteignent leurs cibles de r\u00e9duction des \u00e9missions. Toutefois, les collectivit\u00e9s nous signalent constamment que leur manque de capacit\u00e9 dans les domaines du personnel, de l\u2019expertise, du budget et de l\u2019acc\u00e8s au financement constitue le principal obstacle \u00e0 la mise en \u0153uvre de leurs plans d\u2019efficacit\u00e9 \u00e9nerg\u00e9tique\u2009\u00bb, a d\u00e9clar\u00e9 Dany Robidoux, directeur g\u00e9n\u00e9ral d\u2019Eco-Ouest Canada.<\/p>\n\n\n\n<p>\u00ab\u2009Gr\u00e2ce \u00e0 ce partenariat avec Efficacit\u00e9 Manitoba, notre objectif est de faire en sorte que nos partenaires municipaux, leurs entreprises, ainsi que leurs r\u00e9sidentes et r\u00e9sidents locaux, puissent tirer parti des programmes d\u2019Efficacit\u00e9 Manitoba et obtenir du financement suppl\u00e9mentaire pour la r\u00e9novation des immeubles gr\u00e2ce aux possibilit\u00e9s de financement f\u00e9d\u00e9ral.\u2009\u00bb<\/p>\n\n\n\n<p>La cr\u00e9ation et la mise en \u0153uvre de plans d\u2019efficacit\u00e9 \u00e9nerg\u00e9tique dans les collectivit\u00e9s du Manitoba constituent une \u00e9tape essentielle non seulement pour contribuer aux objectifs d\u2019Efficacit\u00e9 Manitoba en mati\u00e8re d\u2019\u00e9conomie d\u2019\u00e9lectricit\u00e9 et de gaz naturel, mais aussi pour favoriser des \u00e9conomies locales vertes, robustes et prosp\u00e8res.<\/p>\n\n\n\n<p><a href=\"https:\/\/efficiencymb.ca\/fr\/?page_id=13114\"><a href=\"https:\/\/efficiencymb.ca\/fr\/?page_id=13114\">Apprenez-en davantage sur le Programme d\u2019efficacit\u00e9 \u00e9nerg\u00e9tique communautaire d\u2019Efficacit\u00e9 Manitoba<\/a>.<\/a><\/p>\n\n\n\n<hr class=\"wp-block-separator has-css-opacity\"\/>\n\n\n\n<p><strong>Pour de plus amples renseignements, veuillez nous envoyer un courriel \u00e0&nbsp;<a href=\"mailto:media@efficiencyMB.ca\">media@efficiencyMB.ca<\/a>.<\/strong><\/p>\n","protected":false},"excerpt":{"rendered":"<p>Efficiency Manitoba\u2019s Community Energy Efficiency Program will be providing funding and support over a two-year period to enable four Manitoba municipalities to hire and train an Energy Efficiency Advocate. These Energy Efficiency Advocates will create plans to help their communities lower their energy consumption and bills by participating in Efficiency Manitoba\u2019s programs.<\/p>\n","protected":false},"author":10,"featured_media":753,"comment_status":"closed","ping_status":"open","sticky":false,"template":"","format":"standard","meta":{"_acf_changed":false,"footnotes":""},"categories":[215],"tags":[],"class_list":["post-24272","post","type-post","status-publish","format-standard","has-post-thumbnail","hentry","category-communiques-fr"],"acf":[],"yoast_head":"<!-- This site is optimized with the Yoast SEO plugin v27.3 - https:\/\/yoast.com\/product\/yoast-seo-wordpress\/ -->\n<title>S\u2019engager pour des collectivit\u00e9s plus durables\u00a0: Efficacit\u00e9 Manitoba annonce le financement et le soutien pour de nouveaux sp\u00e9cialistes en efficacit\u00e9 \u00e9nerg\u00e9tique communautaire &#8212; Efficiency Manitoba<\/title>\n<meta name=\"description\" content=\"Le Programme d\u2019efficacit\u00e9 \u00e9nerg\u00e9tique communautaire d\u2019Efficacit\u00e9 Manitoba fournira un financement et un soutien sur une p\u00e9riode de deux ans pour permettre \u00e0 quatre municipalit\u00e9s du Manitoba d\u2019embaucher et de former un sp\u00e9cialiste en efficacit\u00e9 \u00e9nerg\u00e9tique.\" \/>\n<meta name=\"robots\" content=\"index, follow, max-snippet:-1, max-image-preview:large, max-video-preview:-1\" \/>\n<link rel=\"canonical\" href=\"https:\/\/efficiencymb.ca\/fr\/articles\/sengager-pour-des-collectivites-plus-durables-efficacite-manitoba-annonce-le-financement-et-le-soutien-pour-de-nouveaux-specialistes-en-efficacite-energetique-communautaire\/\" \/>\n<meta property=\"og:locale\" content=\"fr_FR\" \/>\n<meta property=\"og:type\" content=\"article\" \/>\n<meta property=\"og:title\" content=\"S\u2019engager pour des collectivit\u00e9s plus durables\u00a0: Efficacit\u00e9 Manitoba annonce le financement et le soutien pour de nouveaux sp\u00e9cialistes en efficacit\u00e9 \u00e9nerg\u00e9tique communautaire &#8212; Efficiency Manitoba\" \/>\n<meta property=\"og:description\" content=\"Le Programme d\u2019efficacit\u00e9 \u00e9nerg\u00e9tique communautaire d\u2019Efficacit\u00e9 Manitoba fournira un financement et un soutien sur une p\u00e9riode de deux ans pour permettre \u00e0 quatre municipalit\u00e9s du Manitoba d\u2019embaucher et de former un sp\u00e9cialiste en efficacit\u00e9 \u00e9nerg\u00e9tique.\" \/>\n<meta property=\"og:url\" content=\"https:\/\/efficiencymb.ca\/fr\/articles\/sengager-pour-des-collectivites-plus-durables-efficacite-manitoba-annonce-le-financement-et-le-soutien-pour-de-nouveaux-specialistes-en-efficacite-energetique-communautaire\/\" \/>\n<meta property=\"og:site_name\" content=\"Efficiency Manitoba\" \/>\n<meta property=\"article:published_time\" content=\"2022-04-21T20:15:18+00:00\" \/>\n<meta property=\"article:modified_time\" content=\"2023-06-12T16:56:56+00:00\" \/>\n<meta property=\"og:image\" content=\"https:\/\/efficiencymb.ca\/wp-content\/uploads\/banner-news-release-fr_2x.jpg\" \/>\n\t<meta property=\"og:image:width\" content=\"2400\" \/>\n\t<meta property=\"og:image:height\" content=\"1350\" \/>\n\t<meta property=\"og:image:type\" content=\"image\/jpeg\" \/>\n<meta name=\"author\" content=\"Alyssa Heuchert\" \/>\n<meta name=\"twitter:card\" content=\"summary_large_image\" \/>\n<meta name=\"twitter:label1\" content=\"\u00c9crit par\" \/>\n\t<meta name=\"twitter:data1\" content=\"Alyssa Heuchert\" \/>\n\t<meta name=\"twitter:label2\" content=\"Dur\u00e9e de lecture estim\u00e9e\" \/>\n\t<meta name=\"twitter:data2\" content=\"3 minutes\" \/>\n<script type=\"application\/ld+json\" class=\"yoast-schema-graph\">{\"@context\":\"https:\\\/\\\/schema.org\",\"@graph\":[{\"@type\":\"Article\",\"@id\":\"https:\\\/\\\/efficiencymb.ca\\\/fr\\\/articles\\\/sengager-pour-des-collectivites-plus-durables-efficacite-manitoba-annonce-le-financement-et-le-soutien-pour-de-nouveaux-specialistes-en-efficacite-energetique-communautaire\\\/#article\",\"isPartOf\":{\"@id\":\"https:\\\/\\\/efficiencymb.ca\\\/fr\\\/articles\\\/sengager-pour-des-collectivites-plus-durables-efficacite-manitoba-annonce-le-financement-et-le-soutien-pour-de-nouveaux-specialistes-en-efficacite-energetique-communautaire\\\/\"},\"author\":{\"name\":\"Alyssa Heuchert\",\"@id\":\"https:\\\/\\\/efficiencymb.ca\\\/#\\\/schema\\\/person\\\/3cec4c5f343480c23b62eb570c36d947\"},\"headline\":\"S\u2019engager pour des collectivit\u00e9s plus durables\u00a0: Efficacit\u00e9 Manitoba annonce le financement et le soutien pour de nouveaux sp\u00e9cialistes en efficacit\u00e9 \u00e9nerg\u00e9tique communautaire\",\"datePublished\":\"2022-04-21T20:15:18+00:00\",\"dateModified\":\"2023-06-12T16:56:56+00:00\",\"mainEntityOfPage\":{\"@id\":\"https:\\\/\\\/efficiencymb.ca\\\/fr\\\/articles\\\/sengager-pour-des-collectivites-plus-durables-efficacite-manitoba-annonce-le-financement-et-le-soutien-pour-de-nouveaux-specialistes-en-efficacite-energetique-communautaire\\\/\"},\"wordCount\":811,\"publisher\":{\"@id\":\"https:\\\/\\\/efficiencymb.ca\\\/#organization\"},\"image\":{\"@id\":\"https:\\\/\\\/efficiencymb.ca\\\/fr\\\/articles\\\/sengager-pour-des-collectivites-plus-durables-efficacite-manitoba-annonce-le-financement-et-le-soutien-pour-de-nouveaux-specialistes-en-efficacite-energetique-communautaire\\\/#primaryimage\"},\"thumbnailUrl\":\"https:\\\/\\\/efficiencymb.ca\\\/wp-content\\\/uploads\\\/banner-news-release-fr_2x.jpg\",\"articleSection\":[\"COMMUNIQU\u00c9S\"],\"inLanguage\":\"fr-FR\"},{\"@type\":\"WebPage\",\"@id\":\"https:\\\/\\\/efficiencymb.ca\\\/fr\\\/articles\\\/sengager-pour-des-collectivites-plus-durables-efficacite-manitoba-annonce-le-financement-et-le-soutien-pour-de-nouveaux-specialistes-en-efficacite-energetique-communautaire\\\/\",\"url\":\"https:\\\/\\\/efficiencymb.ca\\\/fr\\\/articles\\\/sengager-pour-des-collectivites-plus-durables-efficacite-manitoba-annonce-le-financement-et-le-soutien-pour-de-nouveaux-specialistes-en-efficacite-energetique-communautaire\\\/\",\"name\":\"S\u2019engager pour des collectivit\u00e9s plus durables\u00a0: Efficacit\u00e9 Manitoba annonce le financement et le soutien pour de nouveaux sp\u00e9cialistes en efficacit\u00e9 \u00e9nerg\u00e9tique communautaire &#8212; Efficiency Manitoba\",\"isPartOf\":{\"@id\":\"https:\\\/\\\/efficiencymb.ca\\\/#website\"},\"primaryImageOfPage\":{\"@id\":\"https:\\\/\\\/efficiencymb.ca\\\/fr\\\/articles\\\/sengager-pour-des-collectivites-plus-durables-efficacite-manitoba-annonce-le-financement-et-le-soutien-pour-de-nouveaux-specialistes-en-efficacite-energetique-communautaire\\\/#primaryimage\"},\"image\":{\"@id\":\"https:\\\/\\\/efficiencymb.ca\\\/fr\\\/articles\\\/sengager-pour-des-collectivites-plus-durables-efficacite-manitoba-annonce-le-financement-et-le-soutien-pour-de-nouveaux-specialistes-en-efficacite-energetique-communautaire\\\/#primaryimage\"},\"thumbnailUrl\":\"https:\\\/\\\/efficiencymb.ca\\\/wp-content\\\/uploads\\\/banner-news-release-fr_2x.jpg\",\"datePublished\":\"2022-04-21T20:15:18+00:00\",\"dateModified\":\"2023-06-12T16:56:56+00:00\",\"description\":\"Le Programme d\u2019efficacit\u00e9 \u00e9nerg\u00e9tique communautaire d\u2019Efficacit\u00e9 Manitoba fournira un financement et un soutien sur une p\u00e9riode de deux ans pour permettre \u00e0 quatre municipalit\u00e9s du Manitoba d\u2019embaucher et de former un sp\u00e9cialiste en efficacit\u00e9 \u00e9nerg\u00e9tique.\",\"breadcrumb\":{\"@id\":\"https:\\\/\\\/efficiencymb.ca\\\/fr\\\/articles\\\/sengager-pour-des-collectivites-plus-durables-efficacite-manitoba-annonce-le-financement-et-le-soutien-pour-de-nouveaux-specialistes-en-efficacite-energetique-communautaire\\\/#breadcrumb\"},\"inLanguage\":\"fr-FR\",\"potentialAction\":[{\"@type\":\"ReadAction\",\"target\":[\"https:\\\/\\\/efficiencymb.ca\\\/fr\\\/articles\\\/sengager-pour-des-collectivites-plus-durables-efficacite-manitoba-annonce-le-financement-et-le-soutien-pour-de-nouveaux-specialistes-en-efficacite-energetique-communautaire\\\/\"]}]},{\"@type\":\"ImageObject\",\"inLanguage\":\"fr-FR\",\"@id\":\"https:\\\/\\\/efficiencymb.ca\\\/fr\\\/articles\\\/sengager-pour-des-collectivites-plus-durables-efficacite-manitoba-annonce-le-financement-et-le-soutien-pour-de-nouveaux-specialistes-en-efficacite-energetique-communautaire\\\/#primaryimage\",\"url\":\"https:\\\/\\\/efficiencymb.ca\\\/wp-content\\\/uploads\\\/banner-news-release-fr_2x.jpg\",\"contentUrl\":\"https:\\\/\\\/efficiencymb.ca\\\/wp-content\\\/uploads\\\/banner-news-release-fr_2x.jpg\",\"width\":2400,\"height\":1350,\"caption\":\"Femme lisant le journal\"},{\"@type\":\"BreadcrumbList\",\"@id\":\"https:\\\/\\\/efficiencymb.ca\\\/fr\\\/articles\\\/sengager-pour-des-collectivites-plus-durables-efficacite-manitoba-annonce-le-financement-et-le-soutien-pour-de-nouveaux-specialistes-en-efficacite-energetique-communautaire\\\/#breadcrumb\",\"itemListElement\":[{\"@type\":\"ListItem\",\"position\":1,\"name\":\"Home\",\"item\":\"https:\\\/\\\/efficiencymb.ca\\\/fr\\\/\"},{\"@type\":\"ListItem\",\"position\":2,\"name\":\"S\u2019engager pour des collectivit\u00e9s plus durables\u00a0: Efficacit\u00e9 Manitoba annonce le financement et le soutien pour de nouveaux sp\u00e9cialistes en efficacit\u00e9 \u00e9nerg\u00e9tique communautaire\"}]},{\"@type\":\"WebSite\",\"@id\":\"https:\\\/\\\/efficiencymb.ca\\\/#website\",\"url\":\"https:\\\/\\\/efficiencymb.ca\\\/\",\"name\":\"Efficiency Manitoba\",\"description\":\"\",\"publisher\":{\"@id\":\"https:\\\/\\\/efficiencymb.ca\\\/#organization\"},\"potentialAction\":[{\"@type\":\"SearchAction\",\"target\":{\"@type\":\"EntryPoint\",\"urlTemplate\":\"https:\\\/\\\/efficiencymb.ca\\\/?s={search_term_string}\"},\"query-input\":{\"@type\":\"PropertyValueSpecification\",\"valueRequired\":true,\"valueName\":\"search_term_string\"}}],\"inLanguage\":\"fr-FR\"},{\"@type\":\"Organization\",\"@id\":\"https:\\\/\\\/efficiencymb.ca\\\/#organization\",\"name\":\"Efficiency Manitoba\",\"url\":\"https:\\\/\\\/efficiencymb.ca\\\/\",\"logo\":{\"@type\":\"ImageObject\",\"inLanguage\":\"fr-FR\",\"@id\":\"https:\\\/\\\/efficiencymb.ca\\\/#\\\/schema\\\/logo\\\/image\\\/\",\"url\":\"https:\\\/\\\/efficiencymb.ca\\\/wp-content\\\/uploads\\\/em-logo-white-en.png\",\"contentUrl\":\"https:\\\/\\\/efficiencymb.ca\\\/wp-content\\\/uploads\\\/em-logo-white-en.png\",\"width\":388,\"height\":91,\"caption\":\"Efficiency Manitoba\"},\"image\":{\"@id\":\"https:\\\/\\\/efficiencymb.ca\\\/#\\\/schema\\\/logo\\\/image\\\/\"}},{\"@type\":\"Person\",\"@id\":\"https:\\\/\\\/efficiencymb.ca\\\/#\\\/schema\\\/person\\\/3cec4c5f343480c23b62eb570c36d947\",\"name\":\"Alyssa Heuchert\",\"image\":{\"@type\":\"ImageObject\",\"inLanguage\":\"fr-FR\",\"@id\":\"https:\\\/\\\/secure.gravatar.com\\\/avatar\\\/b1dc5063ecb17cbb29acb851072e9c6e4b103c251e84ec712cd375935f7519e3?s=96&d=mm&r=g\",\"url\":\"https:\\\/\\\/secure.gravatar.com\\\/avatar\\\/b1dc5063ecb17cbb29acb851072e9c6e4b103c251e84ec712cd375935f7519e3?s=96&d=mm&r=g\",\"contentUrl\":\"https:\\\/\\\/secure.gravatar.com\\\/avatar\\\/b1dc5063ecb17cbb29acb851072e9c6e4b103c251e84ec712cd375935f7519e3?s=96&d=mm&r=g\",\"caption\":\"Alyssa Heuchert\"}}]}<\/script>\n<!-- \/ Yoast SEO plugin. -->","yoast_head_json":{"title":"S\u2019engager pour des collectivit\u00e9s plus durables\u00a0: Efficacit\u00e9 Manitoba annonce le financement et le soutien pour de nouveaux sp\u00e9cialistes en efficacit\u00e9 \u00e9nerg\u00e9tique communautaire &#8212; Efficiency Manitoba","description":"Le Programme d\u2019efficacit\u00e9 \u00e9nerg\u00e9tique communautaire d\u2019Efficacit\u00e9 Manitoba fournira un financement et un soutien sur une p\u00e9riode de deux ans pour permettre \u00e0 quatre municipalit\u00e9s du Manitoba d\u2019embaucher et de former un sp\u00e9cialiste en efficacit\u00e9 \u00e9nerg\u00e9tique.","robots":{"index":"index","follow":"follow","max-snippet":"max-snippet:-1","max-image-preview":"max-image-preview:large","max-video-preview":"max-video-preview:-1"},"canonical":"https:\/\/efficiencymb.ca\/fr\/articles\/sengager-pour-des-collectivites-plus-durables-efficacite-manitoba-annonce-le-financement-et-le-soutien-pour-de-nouveaux-specialistes-en-efficacite-energetique-communautaire\/","og_locale":"fr_FR","og_type":"article","og_title":"S\u2019engager pour des collectivit\u00e9s plus durables\u00a0: Efficacit\u00e9 Manitoba annonce le financement et le soutien pour de nouveaux sp\u00e9cialistes en efficacit\u00e9 \u00e9nerg\u00e9tique communautaire &#8212; Efficiency Manitoba","og_description":"Le Programme d\u2019efficacit\u00e9 \u00e9nerg\u00e9tique communautaire d\u2019Efficacit\u00e9 Manitoba fournira un financement et un soutien sur une p\u00e9riode de deux ans pour permettre \u00e0 quatre municipalit\u00e9s du Manitoba d\u2019embaucher et de former un sp\u00e9cialiste en efficacit\u00e9 \u00e9nerg\u00e9tique.","og_url":"https:\/\/efficiencymb.ca\/fr\/articles\/sengager-pour-des-collectivites-plus-durables-efficacite-manitoba-annonce-le-financement-et-le-soutien-pour-de-nouveaux-specialistes-en-efficacite-energetique-communautaire\/","og_site_name":"Efficiency Manitoba","article_published_time":"2022-04-21T20:15:18+00:00","article_modified_time":"2023-06-12T16:56:56+00:00","og_image":[{"width":2400,"height":1350,"url":"https:\/\/efficiencymb.ca\/wp-content\/uploads\/banner-news-release-fr_2x.jpg","type":"image\/jpeg"}],"author":"Alyssa Heuchert","twitter_card":"summary_large_image","twitter_misc":{"\u00c9crit par":"Alyssa Heuchert","Dur\u00e9e de lecture estim\u00e9e":"3 minutes"},"schema":{"@context":"https:\/\/schema.org","@graph":[{"@type":"Article","@id":"https:\/\/efficiencymb.ca\/fr\/articles\/sengager-pour-des-collectivites-plus-durables-efficacite-manitoba-annonce-le-financement-et-le-soutien-pour-de-nouveaux-specialistes-en-efficacite-energetique-communautaire\/#article","isPartOf":{"@id":"https:\/\/efficiencymb.ca\/fr\/articles\/sengager-pour-des-collectivites-plus-durables-efficacite-manitoba-annonce-le-financement-et-le-soutien-pour-de-nouveaux-specialistes-en-efficacite-energetique-communautaire\/"},"author":{"name":"Alyssa Heuchert","@id":"https:\/\/efficiencymb.ca\/#\/schema\/person\/3cec4c5f343480c23b62eb570c36d947"},"headline":"S\u2019engager pour des collectivit\u00e9s plus durables\u00a0: Efficacit\u00e9 Manitoba annonce le financement et le soutien pour de nouveaux sp\u00e9cialistes en efficacit\u00e9 \u00e9nerg\u00e9tique communautaire","datePublished":"2022-04-21T20:15:18+00:00","dateModified":"2023-06-12T16:56:56+00:00","mainEntityOfPage":{"@id":"https:\/\/efficiencymb.ca\/fr\/articles\/sengager-pour-des-collectivites-plus-durables-efficacite-manitoba-annonce-le-financement-et-le-soutien-pour-de-nouveaux-specialistes-en-efficacite-energetique-communautaire\/"},"wordCount":811,"publisher":{"@id":"https:\/\/efficiencymb.ca\/#organization"},"image":{"@id":"https:\/\/efficiencymb.ca\/fr\/articles\/sengager-pour-des-collectivites-plus-durables-efficacite-manitoba-annonce-le-financement-et-le-soutien-pour-de-nouveaux-specialistes-en-efficacite-energetique-communautaire\/#primaryimage"},"thumbnailUrl":"https:\/\/efficiencymb.ca\/wp-content\/uploads\/banner-news-release-fr_2x.jpg","articleSection":["COMMUNIQU\u00c9S"],"inLanguage":"fr-FR"},{"@type":"WebPage","@id":"https:\/\/efficiencymb.ca\/fr\/articles\/sengager-pour-des-collectivites-plus-durables-efficacite-manitoba-annonce-le-financement-et-le-soutien-pour-de-nouveaux-specialistes-en-efficacite-energetique-communautaire\/","url":"https:\/\/efficiencymb.ca\/fr\/articles\/sengager-pour-des-collectivites-plus-durables-efficacite-manitoba-annonce-le-financement-et-le-soutien-pour-de-nouveaux-specialistes-en-efficacite-energetique-communautaire\/","name":"S\u2019engager pour des collectivit\u00e9s plus durables\u00a0: Efficacit\u00e9 Manitoba annonce le financement et le soutien pour de nouveaux sp\u00e9cialistes en efficacit\u00e9 \u00e9nerg\u00e9tique communautaire &#8212; Efficiency Manitoba","isPartOf":{"@id":"https:\/\/efficiencymb.ca\/#website"},"primaryImageOfPage":{"@id":"https:\/\/efficiencymb.ca\/fr\/articles\/sengager-pour-des-collectivites-plus-durables-efficacite-manitoba-annonce-le-financement-et-le-soutien-pour-de-nouveaux-specialistes-en-efficacite-energetique-communautaire\/#primaryimage"},"image":{"@id":"https:\/\/efficiencymb.ca\/fr\/articles\/sengager-pour-des-collectivites-plus-durables-efficacite-manitoba-annonce-le-financement-et-le-soutien-pour-de-nouveaux-specialistes-en-efficacite-energetique-communautaire\/#primaryimage"},"thumbnailUrl":"https:\/\/efficiencymb.ca\/wp-content\/uploads\/banner-news-release-fr_2x.jpg","datePublished":"2022-04-21T20:15:18+00:00","dateModified":"2023-06-12T16:56:56+00:00","description":"Le Programme d\u2019efficacit\u00e9 \u00e9nerg\u00e9tique communautaire d\u2019Efficacit\u00e9 Manitoba fournira un financement et un soutien sur une p\u00e9riode de deux ans pour permettre \u00e0 quatre municipalit\u00e9s du Manitoba d\u2019embaucher et de former un sp\u00e9cialiste en efficacit\u00e9 \u00e9nerg\u00e9tique.","breadcrumb":{"@id":"https:\/\/efficiencymb.ca\/fr\/articles\/sengager-pour-des-collectivites-plus-durables-efficacite-manitoba-annonce-le-financement-et-le-soutien-pour-de-nouveaux-specialistes-en-efficacite-energetique-communautaire\/#breadcrumb"},"inLanguage":"fr-FR","potentialAction":[{"@type":"ReadAction","target":["https:\/\/efficiencymb.ca\/fr\/articles\/sengager-pour-des-collectivites-plus-durables-efficacite-manitoba-annonce-le-financement-et-le-soutien-pour-de-nouveaux-specialistes-en-efficacite-energetique-communautaire\/"]}]},{"@type":"ImageObject","inLanguage":"fr-FR","@id":"https:\/\/efficiencymb.ca\/fr\/articles\/sengager-pour-des-collectivites-plus-durables-efficacite-manitoba-annonce-le-financement-et-le-soutien-pour-de-nouveaux-specialistes-en-efficacite-energetique-communautaire\/#primaryimage","url":"https:\/\/efficiencymb.ca\/wp-content\/uploads\/banner-news-release-fr_2x.jpg","contentUrl":"https:\/\/efficiencymb.ca\/wp-content\/uploads\/banner-news-release-fr_2x.jpg","width":2400,"height":1350,"caption":"Femme lisant le journal"},{"@type":"BreadcrumbList","@id":"https:\/\/efficiencymb.ca\/fr\/articles\/sengager-pour-des-collectivites-plus-durables-efficacite-manitoba-annonce-le-financement-et-le-soutien-pour-de-nouveaux-specialistes-en-efficacite-energetique-communautaire\/#breadcrumb","itemListElement":[{"@type":"ListItem","position":1,"name":"Home","item":"https:\/\/efficiencymb.ca\/fr\/"},{"@type":"ListItem","position":2,"name":"S\u2019engager pour des collectivit\u00e9s plus durables\u00a0: Efficacit\u00e9 Manitoba annonce le financement et le soutien pour de nouveaux sp\u00e9cialistes en efficacit\u00e9 \u00e9nerg\u00e9tique communautaire"}]},{"@type":"WebSite","@id":"https:\/\/efficiencymb.ca\/#website","url":"https:\/\/efficiencymb.ca\/","name":"Efficiency Manitoba","description":"","publisher":{"@id":"https:\/\/efficiencymb.ca\/#organization"},"potentialAction":[{"@type":"SearchAction","target":{"@type":"EntryPoint","urlTemplate":"https:\/\/efficiencymb.ca\/?s={search_term_string}"},"query-input":{"@type":"PropertyValueSpecification","valueRequired":true,"valueName":"search_term_string"}}],"inLanguage":"fr-FR"},{"@type":"Organization","@id":"https:\/\/efficiencymb.ca\/#organization","name":"Efficiency Manitoba","url":"https:\/\/efficiencymb.ca\/","logo":{"@type":"ImageObject","inLanguage":"fr-FR","@id":"https:\/\/efficiencymb.ca\/#\/schema\/logo\/image\/","url":"https:\/\/efficiencymb.ca\/wp-content\/uploads\/em-logo-white-en.png","contentUrl":"https:\/\/efficiencymb.ca\/wp-content\/uploads\/em-logo-white-en.png","width":388,"height":91,"caption":"Efficiency Manitoba"},"image":{"@id":"https:\/\/efficiencymb.ca\/#\/schema\/logo\/image\/"}},{"@type":"Person","@id":"https:\/\/efficiencymb.ca\/#\/schema\/person\/3cec4c5f343480c23b62eb570c36d947","name":"Alyssa Heuchert","image":{"@type":"ImageObject","inLanguage":"fr-FR","@id":"https:\/\/secure.gravatar.com\/avatar\/b1dc5063ecb17cbb29acb851072e9c6e4b103c251e84ec712cd375935f7519e3?s=96&d=mm&r=g","url":"https:\/\/secure.gravatar.com\/avatar\/b1dc5063ecb17cbb29acb851072e9c6e4b103c251e84ec712cd375935f7519e3?s=96&d=mm&r=g","contentUrl":"https:\/\/secure.gravatar.com\/avatar\/b1dc5063ecb17cbb29acb851072e9c6e4b103c251e84ec712cd375935f7519e3?s=96&d=mm&r=g","caption":"Alyssa Heuchert"}}]}},"_links":{"self":[{"href":"https:\/\/efficiencymb.ca\/fr\/wp-json\/wp\/v2\/posts\/24272","targetHints":{"allow":["GET"]}}],"collection":[{"href":"https:\/\/efficiencymb.ca\/fr\/wp-json\/wp\/v2\/posts"}],"about":[{"href":"https:\/\/efficiencymb.ca\/fr\/wp-json\/wp\/v2\/types\/post"}],"author":[{"embeddable":true,"href":"https:\/\/efficiencymb.ca\/fr\/wp-json\/wp\/v2\/users\/10"}],"replies":[{"embeddable":true,"href":"https:\/\/efficiencymb.ca\/fr\/wp-json\/wp\/v2\/comments?post=24272"}],"version-history":[{"count":6,"href":"https:\/\/efficiencymb.ca\/fr\/wp-json\/wp\/v2\/posts\/24272\/revisions"}],"predecessor-version":[{"id":26220,"href":"https:\/\/efficiencymb.ca\/fr\/wp-json\/wp\/v2\/posts\/24272\/revisions\/26220"}],"wp:featuredmedia":[{"embeddable":true,"href":"https:\/\/efficiencymb.ca\/fr\/wp-json\/wp\/v2\/media\/753"}],"wp:attachment":[{"href":"https:\/\/efficiencymb.ca\/fr\/wp-json\/wp\/v2\/media?parent=24272"}],"wp:term":[{"taxonomy":"category","embeddable":true,"href":"https:\/\/efficiencymb.ca\/fr\/wp-json\/wp\/v2\/categories?post=24272"},{"taxonomy":"post_tag","embeddable":true,"href":"https:\/\/efficiencymb.ca\/fr\/wp-json\/wp\/v2\/tags?post=24272"}],"curies":[{"name":"wp","href":"https:\/\/api.w.org\/{rel}","templated":true}]}}